{"id":122379,"date":"2026-01-01T08:04:07","date_gmt":"2026-01-01T08:04:07","guid":{"rendered":"https:\/\/www.europesays.com\/se\/122379\/"},"modified":"2026-01-01T08:04:07","modified_gmt":"2026-01-01T08:04:07","slug":"01-januari-08-28-sammanfattning-natt-orebro-lan","status":"publish","type":"post","link":"https:\/\/www.europesays.com\/se\/122379\/","title":{"rendered":"01 januari 08.28, Sammanfattning natt, \u00d6rebro l\u00e4n"},"content":{"rendered":"<p>22.24 Karlskoga. Lagen om brandfarliga och explosiva varor. Man under arton \u00e5r misst\u00e4nkt f\u00f6r att ha hanterat fyrverkerier. Beslag och kontakt med v\u00e5rdnadshavare.<\/p>\n<p>23.59 \u00d6rebro. Olaga hot. Man i fyrtio\u00e5rs\u00e5ldern misst\u00e4nkt f\u00f6r att ha uttalat hot mot en kvinna i samma \u00e5lder. Brott i n\u00e4ra relation.<\/p>\n<p>00.17 \u00d6rebro, Garphyttan. Misshandel. Man i fyrtiofem\u00e5rs\u00e5ldern utsatt f\u00f6r misshandel av en man i oklar \u00e5lder. Mannen stod p\u00e5 sin g\u00e5rd och avfyrade fyrverkerier d\u00e5 en man kom och misshandlade m\u00e5ls\u00e4garen samt uttalade hot. G\u00e4rningspersonen inte gripen men h\u00e4ndelsen \u00e4r v\u00e4ldokumenterad.<\/p>\n<p>00.45 Degerfors. Allm\u00e4nfarlig v\u00e5rdsl\u00f6shet. Flertal ungdomar skjuter fyrverkerier vid bensinmack. Ingen delgiven misstanke i nul\u00e4get men \u00e4rendet finns dokumenterat.<\/p>\n<p>00.52 \u00d6rebro. Brand. Brand i soprum. Vittnen sett personer g\u00e5 in i soprummet med fyrverkerier och d\u00e4refter har brand uppst\u00e5tt. Anm\u00e4lan allm\u00e4nfarlig v\u00e5rdsl\u00f6shet.<\/p>\n<p>00.59 \u00d6rebro. Olaga hot. Man i tjugo\u00e5rs\u00e5ldern misst\u00e4nkt f\u00f6r olaga hot efter att ha hotat tv\u00e5 kvinnor i trettio\u00e5rs\u00e5ldern. Krogmilj\u00f6 centrum. Mannen avl\u00e4gsnad.<\/p>\n<p>01.03 \u00d6rebro. Misshandel. Kvinna i tjugo\u00e5rs\u00e5ldern utsatt f\u00f6r misshandel av ok\u00e4nd g\u00e4rningsman. Krogmilj\u00f6 centrum.<\/p>\n<p>01.30 Askersund. Misshandel. Man i tjugo\u00e5rs\u00e5ldern misst\u00e4nkt f\u00f6r misshandel, ringa. M\u00e5ls\u00e4gare kvinna i motsvarande \u00e5lder. Mannen avvisad fr\u00e5n plats. Krogmilj\u00f6.<\/p>\n<p>02.02 \u00d6rebro. Misshandel. Kvinna i tjugo\u00e5rs\u00e5ldern utsatt f\u00f6r misshandel av kvinna i samma \u00e5lder. Kvinnorna har motanm\u00e4lt varandra f\u00f6r misshandel. Krogmilj\u00f6 centrum.<\/p>\n<p>02.08 \u00d6rebro. V\u00e5ldt\u00e4kt. Man i tjugo\u00e5rs\u00e5ldern gripen misst\u00e4nkt f\u00f6r att ha v\u00e5ldtagit en kvinna i tjugo\u00e5rs\u00e5ldern. Krogmilj\u00f6 i centrum. Kvinnan till sjukhus. Mannen numera anh\u00e5llen.<\/p>\n<p>03.17 \u00d6rebro. Misshandel. Kvinna i trettiofem\u00e5rs\u00e5ldern utsatt f\u00f6r misshandel av man i samma \u00e5lder. Mannen gripen. Krogmilj\u00f6 centrum.<\/p>\n<p>Under natten har nio personer omh\u00e4ndertagits f\u00f6r fylleri enligt LOB, Lagen om omh\u00e4ndertagande av berusad person. Fyra personer under femton \u00e5r har transporterats hem till v\u00e5rdnadshavare. Totalt 165 \u00e4renden hanterade fr\u00e5n kl 22.00 ny\u00e5rsafton.<\/p>\n","protected":false},"excerpt":{"rendered":"22.24 Karlskoga. Lagen om brandfarliga och explosiva varor. Man under arton \u00e5r misst\u00e4nkt f\u00f6r att ha hanterat fyrverkerier.&hellip;\n","protected":false},"author":2,"featured_media":54,"comment_status":"","ping_status":"","sticky":false,"template":"","format":"standard","meta":{"footnotes":""},"categories":[12],"tags":[22,23,26,27,17,21,24,25,28,29,15,16,18,34,31,33,32,30,19,20],"class_list":{"0":"post-122379","1":"post","2":"type-post","3":"status-publish","4":"format-standard","5":"has-post-thumbnail","7":"category-sverige","8":"tag-breaking-news","9":"tag-breakingnews","10":"tag-featured-news","11":"tag-featurednews","12":"tag-headlines","13":"tag-huvudnyheter","14":"tag-latest-news","15":"tag-latestnews","16":"tag-main-news","17":"tag-mainnews","18":"tag-news","19":"tag-nyheter","20":"tag-rubriker","21":"tag-se","22":"tag-svenska","23":"tag-sverige","24":"tag-sweden","25":"tag-swedish","26":"tag-top-stories","27":"tag-topstories"},"share_on_mastodon":{"url":"https:\/\/pubeurope.com\/@se\/115818808239435707","error":""},"_links":{"self":[{"href":"https:\/\/www.europesays.com\/se\/wp-json\/wp\/v2\/posts\/122379","targetHints":{"allow":["GET"]}}],"collection":[{"href":"https:\/\/www.europesays.com\/se\/wp-json\/wp\/v2\/posts"}],"about":[{"href":"https:\/\/www.europesays.com\/se\/wp-json\/wp\/v2\/types\/post"}],"author":[{"embeddable":true,"href":"https:\/\/www.europesays.com\/se\/wp-json\/wp\/v2\/users\/2"}],"replies":[{"embeddable":true,"href":"https:\/\/www.europesays.com\/se\/wp-json\/wp\/v2\/comments?post=122379"}],"version-history":[{"count":0,"href":"https:\/\/www.europesays.com\/se\/wp-json\/wp\/v2\/posts\/122379\/revisions"}],"wp:featuredmedia":[{"embeddable":true,"href":"https:\/\/www.europesays.com\/se\/wp-json\/wp\/v2\/media\/54"}],"wp:attachment":[{"href":"https:\/\/www.europesays.com\/se\/wp-json\/wp\/v2\/media?parent=122379"}],"wp:term":[{"taxonomy":"category","embeddable":true,"href":"https:\/\/www.europesays.com\/se\/wp-json\/wp\/v2\/categories?post=122379"},{"taxonomy":"post_tag","embeddable":true,"href":"https:\/\/www.europesays.com\/se\/wp-json\/wp\/v2\/tags?post=122379"}],"curies":[{"name":"wp","href":"https:\/\/api.w.org\/{rel}","templated":true}]}}