{"id":122380,"date":"2026-01-01T08:05:31","date_gmt":"2026-01-01T08:05:31","guid":{"rendered":"https:\/\/www.europesays.com\/se\/122380\/"},"modified":"2026-01-01T08:05:31","modified_gmt":"2026-01-01T08:05:31","slug":"gul-vadervarning-over-stora-delar-av-gotaland","status":"publish","type":"post","link":"https:\/\/www.europesays.com\/se\/122380\/","title":{"rendered":"Gul v\u00e4dervarning \u00f6ver stora delar av G\u00f6taland"},"content":{"rendered":"<p>Under natten mot torsdag drar ett regn in v\u00e4sterifr\u00e5n. Det kan falla p\u00e5 kalla v\u00e4gar och ge problem med halka. Regnet f\u00f6ljs av n\u00e5got stigande temperatur, fr\u00e4mst l\u00e4ngs kusterna. Under eftermiddagen mattas regnet av.<\/p>\n<p>I G\u00f6taland ber\u00f6rs fastlandet utan s\u00f6dra och v\u00e4stra Sk\u00e5ne samt stora delar av V\u00e4stkusten upp till s\u00f6dra Bohusl\u00e4n.<\/p>\n<p>SMHI uppmanar till f\u00f6rsiktighet i trafiken och det finns risk f\u00f6r f\u00f6rseningar eller inst\u00e4llda avg\u00e5ngar i kollektivtrafiken. Varningen g\u00e4ller fram till klockan 15.<\/p>\n","protected":false},"excerpt":{"rendered":"Under natten mot torsdag drar ett regn in v\u00e4sterifr\u00e5n. Det kan falla p\u00e5 kalla v\u00e4gar och ge problem&hellip;\n","protected":false},"author":2,"featured_media":793,"comment_status":"","ping_status":"","sticky":false,"template":"","format":"standard","meta":{"footnotes":""},"categories":[5],"tags":[22,23,26,27,17,21,24,25,28,29,15,16,18,34,31,33,32,30,19,20],"class_list":{"0":"post-122380","1":"post","2":"type-post","3":"status-publish","4":"format-standard","5":"has-post-thumbnail","7":"category-rubriker","8":"tag-breaking-news","9":"tag-breakingnews","10":"tag-featured-news","11":"tag-featurednews","12":"tag-headlines","13":"tag-huvudnyheter","14":"tag-latest-news","15":"tag-latestnews","16":"tag-main-news","17":"tag-mainnews","18":"tag-news","19":"tag-nyheter","20":"tag-rubriker","21":"tag-se","22":"tag-svenska","23":"tag-sverige","24":"tag-sweden","25":"tag-swedish","26":"tag-top-stories","27":"tag-topstories"},"share_on_mastodon":{"url":"https:\/\/pubeurope.com\/@se\/115818812032184990","error":""},"_links":{"self":[{"href":"https:\/\/www.europesays.com\/se\/wp-json\/wp\/v2\/posts\/122380","targetHints":{"allow":["GET"]}}],"collection":[{"href":"https:\/\/www.europesays.com\/se\/wp-json\/wp\/v2\/posts"}],"about":[{"href":"https:\/\/www.europesays.com\/se\/wp-json\/wp\/v2\/types\/post"}],"author":[{"embeddable":true,"href":"https:\/\/www.europesays.com\/se\/wp-json\/wp\/v2\/users\/2"}],"replies":[{"embeddable":true,"href":"https:\/\/www.europesays.com\/se\/wp-json\/wp\/v2\/comments?post=122380"}],"version-history":[{"count":0,"href":"https:\/\/www.europesays.com\/se\/wp-json\/wp\/v2\/posts\/122380\/revisions"}],"wp:featuredmedia":[{"embeddable":true,"href":"https:\/\/www.europesays.com\/se\/wp-json\/wp\/v2\/media\/793"}],"wp:attachment":[{"href":"https:\/\/www.europesays.com\/se\/wp-json\/wp\/v2\/media?parent=122380"}],"wp:term":[{"taxonomy":"category","embeddable":true,"href":"https:\/\/www.europesays.com\/se\/wp-json\/wp\/v2\/categories?post=122380"},{"taxonomy":"post_tag","embeddable":true,"href":"https:\/\/www.europesays.com\/se\/wp-json\/wp\/v2\/tags?post=122380"}],"curies":[{"name":"wp","href":"https:\/\/api.w.org\/{rel}","templated":true}]}}