{"id":122383,"date":"2026-01-01T08:12:49","date_gmt":"2026-01-01T08:12:49","guid":{"rendered":"https:\/\/www.europesays.com\/se\/122383\/"},"modified":"2026-01-01T08:12:49","modified_gmt":"2026-01-01T08:12:49","slug":"linkoping-bygger-2026-86-aktuella-projekt","status":"publish","type":"post","link":"https:\/\/www.europesays.com\/se\/122383\/","title":{"rendered":"Link\u00f6ping bygger 2026: 86 aktuella projekt"},"content":{"rendered":"<p>Byggbranschen har lagt \u00e4nnu ett tufft \u00e5r bakom sig. Prelimin\u00e4ra siffror visar att bygginvesteringarna i Sverige sj\u00f6nk med tv\u00e5 procent \u2013 och det j\u00e4mf\u00f6rt med 2024, som ocks\u00e5 var ett d\u00e5ligt \u00e5r.\u2013 Men \u00d6sterg\u00f6tland, och s\u00e4rskilt Link\u00f6ping, har klarat sig b\u00e4ttre. Och s\u00e5 ser det ut i prognoserna f\u00f6r 2026 ocks\u00e5. D\u00e5 tror vi att investeringarna g\u00e5r upp med 4 procent i landet och<\/p>\n","protected":false},"excerpt":{"rendered":"Byggbranschen har lagt \u00e4nnu ett tufft \u00e5r bakom sig. Prelimin\u00e4ra siffror visar att bygginvesteringarna i Sverige sj\u00f6nk med&hellip;\n","protected":false},"author":2,"featured_media":122384,"comment_status":"","ping_status":"","sticky":false,"template":"","format":"standard","meta":{"footnotes":""},"categories":[12],"tags":[22,23,26,27,17,21,24,25,28,29,15,16,18,34,31,33,32,30,19,20],"class_list":{"0":"post-122383","1":"post","2":"type-post","3":"status-publish","4":"format-standard","5":"has-post-thumbnail","7":"category-sverige","8":"tag-breaking-news","9":"tag-breakingnews","10":"tag-featured-news","11":"tag-featurednews","12":"tag-headlines","13":"tag-huvudnyheter","14":"tag-latest-news","15":"tag-latestnews","16":"tag-main-news","17":"tag-mainnews","18":"tag-news","19":"tag-nyheter","20":"tag-rubriker","21":"tag-se","22":"tag-svenska","23":"tag-sverige","24":"tag-sweden","25":"tag-swedish","26":"tag-top-stories","27":"tag-topstories"},"share_on_mastodon":{"url":"https:\/\/pubeurope.com\/@se\/115818843498610263","error":""},"_links":{"self":[{"href":"https:\/\/www.europesays.com\/se\/wp-json\/wp\/v2\/posts\/122383","targetHints":{"allow":["GET"]}}],"collection":[{"href":"https:\/\/www.europesays.com\/se\/wp-json\/wp\/v2\/posts"}],"about":[{"href":"https:\/\/www.europesays.com\/se\/wp-json\/wp\/v2\/types\/post"}],"author":[{"embeddable":true,"href":"https:\/\/www.europesays.com\/se\/wp-json\/wp\/v2\/users\/2"}],"replies":[{"embeddable":true,"href":"https:\/\/www.europesays.com\/se\/wp-json\/wp\/v2\/comments?post=122383"}],"version-history":[{"count":0,"href":"https:\/\/www.europesays.com\/se\/wp-json\/wp\/v2\/posts\/122383\/revisions"}],"wp:featuredmedia":[{"embeddable":true,"href":"https:\/\/www.europesays.com\/se\/wp-json\/wp\/v2\/media\/122384"}],"wp:attachment":[{"href":"https:\/\/www.europesays.com\/se\/wp-json\/wp\/v2\/media?parent=122383"}],"wp:term":[{"taxonomy":"category","embeddable":true,"href":"https:\/\/www.europesays.com\/se\/wp-json\/wp\/v2\/categories?post=122383"},{"taxonomy":"post_tag","embeddable":true,"href":"https:\/\/www.europesays.com\/se\/wp-json\/wp\/v2\/tags?post=122383"}],"curies":[{"name":"wp","href":"https:\/\/api.w.org\/{rel}","templated":true}]}}