{"id":122391,"date":"2026-01-01T08:21:27","date_gmt":"2026-01-01T08:21:27","guid":{"rendered":"https:\/\/www.europesays.com\/se\/122391\/"},"modified":"2026-01-01T08:21:27","modified_gmt":"2026-01-01T08:21:27","slug":"raket-skots-in-i-folkmassa","status":"publish","type":"post","link":"https:\/\/www.europesays.com\/se\/122391\/","title":{"rendered":"Raket sk\u00f6ts in i folkmassa"},"content":{"rendered":"<p>Polisen rapporter om en ny\u00e5rsnatt med en hel del fylleri och n\u00e5gra misshandelsfall i l\u00e4net, ungef\u00e4r s\u00e5 som en ny\u00e5rsnatt brukar se ut.<\/p>\n<p>I samband med ny\u00e5rsfirandet i S\u00f6dra hamn i Lule\u00e5 observerar patrullerande poliser att en raket skjuts in i folkmassan. <\/p>\n<p>Det finns ingen information om att n\u00e5gon ska ha skadats. En anm\u00e4lan om brott mot lagen om brandfarliga och explosiva varor samt allm\u00e4nfarlig v\u00e5rdsl\u00f6shet uppr\u00e4ttas.<\/p>\n","protected":false},"excerpt":{"rendered":"Polisen rapporter om en ny\u00e5rsnatt med en hel del fylleri och n\u00e5gra misshandelsfall i l\u00e4net, ungef\u00e4r s\u00e5 som&hellip;\n","protected":false},"author":2,"featured_media":122392,"comment_status":"","ping_status":"","sticky":false,"template":"","format":"standard","meta":{"footnotes":""},"categories":[5],"tags":[22,23,26,27,17,21,24,25,28,29,15,16,18,34,31,33,32,30,19,20],"class_list":{"0":"post-122391","1":"post","2":"type-post","3":"status-publish","4":"format-standard","5":"has-post-thumbnail","7":"category-rubriker","8":"tag-breaking-news","9":"tag-breakingnews","10":"tag-featured-news","11":"tag-featurednews","12":"tag-headlines","13":"tag-huvudnyheter","14":"tag-latest-news","15":"tag-latestnews","16":"tag-main-news","17":"tag-mainnews","18":"tag-news","19":"tag-nyheter","20":"tag-rubriker","21":"tag-se","22":"tag-svenska","23":"tag-sverige","24":"tag-sweden","25":"tag-swedish","26":"tag-top-stories","27":"tag-topstories"},"share_on_mastodon":{"url":"https:\/\/pubeurope.com\/@se\/115818874950323221","error":""},"_links":{"self":[{"href":"https:\/\/www.europesays.com\/se\/wp-json\/wp\/v2\/posts\/122391","targetHints":{"allow":["GET"]}}],"collection":[{"href":"https:\/\/www.europesays.com\/se\/wp-json\/wp\/v2\/posts"}],"about":[{"href":"https:\/\/www.europesays.com\/se\/wp-json\/wp\/v2\/types\/post"}],"author":[{"embeddable":true,"href":"https:\/\/www.europesays.com\/se\/wp-json\/wp\/v2\/users\/2"}],"replies":[{"embeddable":true,"href":"https:\/\/www.europesays.com\/se\/wp-json\/wp\/v2\/comments?post=122391"}],"version-history":[{"count":0,"href":"https:\/\/www.europesays.com\/se\/wp-json\/wp\/v2\/posts\/122391\/revisions"}],"wp:featuredmedia":[{"embeddable":true,"href":"https:\/\/www.europesays.com\/se\/wp-json\/wp\/v2\/media\/122392"}],"wp:attachment":[{"href":"https:\/\/www.europesays.com\/se\/wp-json\/wp\/v2\/media?parent=122391"}],"wp:term":[{"taxonomy":"category","embeddable":true,"href":"https:\/\/www.europesays.com\/se\/wp-json\/wp\/v2\/categories?post=122391"},{"taxonomy":"post_tag","embeddable":true,"href":"https:\/\/www.europesays.com\/se\/wp-json\/wp\/v2\/tags?post=122391"}],"curies":[{"name":"wp","href":"https:\/\/api.w.org\/{rel}","templated":true}]}}