{"id":122395,"date":"2026-01-01T08:28:49","date_gmt":"2026-01-01T08:28:49","guid":{"rendered":"https:\/\/www.europesays.com\/se\/122395\/"},"modified":"2026-01-01T08:28:49","modified_gmt":"2026-01-01T08:28:49","slug":"som-polis-ser-jag-hur-psykiskt-sjuka-slapps-ut","status":"publish","type":"post","link":"https:\/\/www.europesays.com\/se\/122395\/","title":{"rendered":"Som polis ser jag hur psykiskt sjuka sl\u00e4pps ut"},"content":{"rendered":"<p>Publicerad 31 dec 2025 kl 14.08<\/p>\n<p>Ibland har jag t\u00e4nkt att om inte v\u00e5rd ges nu, kommer n\u00e5gon snart att skadas allvarligt \u2013 eller d\u00f6das.<\/p>\n<p>Och tyv\u00e4rr har vi sett exempel d\u00e4r den oron besannats, skriver polisen Mona Ammar Persson.<\/p>\n<p><img   alt=\"\"\/><\/p>\n<p>Mona Ammar Persson \u00e4r polis och f\u00f6rfattare.<\/p>\n<p>\u00d6ppna bild i helsk\u00e4rm<\/p>\n<p>Detta \u00e4r en debattartikel. Det \u00e4r skribenten som st\u00e5r f\u00f6r \u00e5sikterna i texten.&#13;<br \/>\n&#13;\n<\/p>\n<p><strong>DEBATT. <\/strong>Helgens v\u00e5ldsd\u00e5d v\u00e4cker sorg och ilska. Sorg \u00f6ver \u00e4nnu en kvinna som mist livet. Ilska \u00f6ver att vi, trots \u00e5rtionden av varningssignaler, forskning och vittnesm\u00e5l, forts\u00e4tter att svika kvinnor. Som m\u00e4nniska \u00e4r det om\u00f6jligt att inte ber\u00f6ras. Som samh\u00e4lle \u00e4r det of\u00f6rsvarbart att forts\u00e4tta som vanligt.<\/p>\n<p>Vi m\u00e5ste v\u00e5ga st\u00e4lla obekv\u00e4ma fr\u00e5gor. Ska en g\u00e4rningsman som blivit d\u00f6md f\u00f6r grovt v\u00e5ldsbrott och dessutom har h\u00f6g \u00e5terfallsrisk kunna ans\u00f6ka om skyddad identitet eller byta namn?<\/p>\n<p>Var har vi som samh\u00e4lle brustit?<\/p>\n<p>Sett psykiskt instabila sl\u00e4ppas ut<\/p>\n<p>I mitt yrke har jag ocks\u00e5 alltf\u00f6r ofta bevittnat hur personer med tydliga psykotiska symtom sl\u00e4pps ut g\u00e5ng p\u00e5 g\u00e5ng, trots uppenbar risk f\u00f6r allvarligt v\u00e5ld. Vi m\u00f6ter samma personer om och om igen. Ibland har jag t\u00e4nkt att om inte v\u00e5rd ges nu, kommer n\u00e5gon snart att skadas allvarligt \u2013 eller d\u00f6das \u2013 f\u00f6r att systemet ska reagera. Och tyv\u00e4rr har vi sett exempel d\u00e4r den oron besannats.\u00a0<\/p>\n<p>Det h\u00e4r \u00e4r inga individuella misslyckanden utan strukturella brister \u2013 underdimensionerade system, ekonomiska begr\u00e4nsningar, politiska nedsk\u00e4rningar och ibland m\u00e4nniskor p\u00e5 fel plats utan r\u00e4tt st\u00f6d.<\/p>\n<p>Jag har ocks\u00e5 hanterat \u00e4renden d\u00e4r m\u00e4n upprepade g\u00e5nger bryter mot kontaktf\u00f6rbud. Trots det leder \u00f6vertr\u00e4delserna ofta bara till fler anm\u00e4lningar, utan tv\u00e5ngsmedel, utan obligatoriska uppf\u00f6ljningar och utan att risken eskaleras i systemet. Samma m\u00f6nster \u00e5terkommer i andra \u00e4renden.\u00a0<\/p>\n<p>Jag minns s\u00e4rskilt en man som g\u00e5ng p\u00e5 g\u00e5ng f\u00f6ljde efter unga tjejer. Han var redan d\u00f6md f\u00f6r bland annat sexuellt ofredande samtidigt som liknande \u00e4renden l\u00e5g i misstankeregistret. \u00c4nd\u00e5 gick han fortsatt p\u00e5 fri fot.<\/p>\n<p><img loading=\"lazy\"   alt=\"\"\/><\/p>\n<p>\u201dbland har jag t\u00e4nkt att om inte v\u00e5rd ges nu, kommer n\u00e5gon snart att skadas allvarligt \u2013 eller d\u00f6das \u2013 f\u00f6r att systemet ska reagera. Och tyv\u00e4rr har vi sett exempel d\u00e4r den oron besannats\u201d, skriver Mona Ammar Persson.<\/p>\n<p>Foto: PATRIK \u00d6STERBERG \/ STELLA PICTURES<\/p>\n<p>\u00d6ppna bild i helsk\u00e4rm<\/p>\n<p>F\u00f6r att lyckas kr\u00e4vs mer \u00e4n ord. Psykiatri, r\u00e4ttspsykiatri och socialtj\u00e4nst m\u00e5ste ges tillr\u00e4ckliga resurser, kortare v\u00e4ntetider, tillg\u00e5ng till skyddade boenden och l\u00e5ngsiktig finansiering. Det kr\u00e4vs en k\u00e4rnverksamhet d\u00e4r polis, v\u00e5rd, socialtj\u00e4nst och kriminalv\u00e5rd arbetar tillsammans med gemensamma riskbed\u00f6mningar och obligatorisk uppf\u00f6ljning av h\u00f6griskpersoner.\u00a0<\/p>\n<p>Sekretessl\u00e4ttnader och gemensamma system som fungerar som levande dokument \u00e4r avg\u00f6rande. I dag f\u00f6rsv\u00e5ras helhetsbed\u00f6mningar av informationsglapp, byr\u00e5krati och sekretesshinder som g\u00f6r att vi ofta inte kan agera i tid. Lagstiftningen m\u00e5ste ocks\u00e5 f\u00f6lja samh\u00e4llsutvecklingen. En person med kontaktf\u00f6rbud ska inte kunna \u00f6vertr\u00e4da det g\u00e5ng p\u00e5 g\u00e5ng utan direkta konsekvenser, \u00e4ven innan dom.<\/p>\n<p>Arbetet m\u00e5ste bli offensivt mot f\u00f6r\u00f6vare, inte enbart reaktivt efter att v\u00e5ld redan skett.<\/p>\n<p>Annons<\/p>\n<p>Nollvision<\/p>\n<p>Under tisdagen meddelade statsministern att en nollvision ska utformas och att ett s\u00e4rskilt ministerr\u00e5d ska inr\u00e4ttas. Vi \u00e4r en dag fr\u00e5n 2026 och har fortfarande inte haft en nollvision mot m\u00e4ns v\u00e5ld mot kvinnor. Jag vet inte om jag ska s\u00e4ga tack eller att det var p\u00e5 tiden.\u00a0<\/p>\n<p>En nollvision inneb\u00e4r inte att v\u00e5ldet f\u00f6rsvinner \u00f6ver en natt. Den inneb\u00e4r att vi slutar acceptera det som n\u00e5got oundvikligt. Att varje hot, varje kontrollbeteende och varje varningssignal tas p\u00e5 allvar innan n\u00e5gon m\u00f6rdas.<\/p>\n<p>Om regeringen menar allvar med en nollvision m\u00e5ste den f\u00f6ljas av lag\u00e4ndringar, finansiering och bindande samverkan mellan myndigheter. Varje dag vi v\u00e4ntar \u00e4r en dag d\u00e5 \u00e4nnu en kvinna riskerar att betala priset.<\/p>\n<p><strong>Av Mona Ammar Persson<\/strong><\/p>\n<p>polis och f\u00f6rfattare<\/p>\n","protected":false},"excerpt":{"rendered":"Publicerad 31 dec 2025 kl 14.08 Ibland har jag t\u00e4nkt att om inte v\u00e5rd ges nu, kommer n\u00e5gon&hellip;\n","protected":false},"author":2,"featured_media":122396,"comment_status":"","ping_status":"","sticky":false,"template":"","format":"standard","meta":{"footnotes":""},"categories":[12],"tags":[22,23,26,27,17,21,24,25,28,29,15,16,18,34,31,33,32,30,19,20],"class_list":{"0":"post-122395","1":"post","2":"type-post","3":"status-publish","4":"format-standard","5":"has-post-thumbnail","7":"category-sverige","8":"tag-breaking-news","9":"tag-breakingnews","10":"tag-featured-news","11":"tag-featurednews","12":"tag-headlines","13":"tag-huvudnyheter","14":"tag-latest-news","15":"tag-latestnews","16":"tag-main-news","17":"tag-mainnews","18":"tag-news","19":"tag-nyheter","20":"tag-rubriker","21":"tag-se","22":"tag-svenska","23":"tag-sverige","24":"tag-sweden","25":"tag-swedish","26":"tag-top-stories","27":"tag-topstories"},"share_on_mastodon":{"url":"https:\/\/pubeurope.com\/@se\/115818906429984652","error":""},"_links":{"self":[{"href":"https:\/\/www.europesays.com\/se\/wp-json\/wp\/v2\/posts\/122395","targetHints":{"allow":["GET"]}}],"collection":[{"href":"https:\/\/www.europesays.com\/se\/wp-json\/wp\/v2\/posts"}],"about":[{"href":"https:\/\/www.europesays.com\/se\/wp-json\/wp\/v2\/types\/post"}],"author":[{"embeddable":true,"href":"https:\/\/www.europesays.com\/se\/wp-json\/wp\/v2\/users\/2"}],"replies":[{"embeddable":true,"href":"https:\/\/www.europesays.com\/se\/wp-json\/wp\/v2\/comments?post=122395"}],"version-history":[{"count":0,"href":"https:\/\/www.europesays.com\/se\/wp-json\/wp\/v2\/posts\/122395\/revisions"}],"wp:featuredmedia":[{"embeddable":true,"href":"https:\/\/www.europesays.com\/se\/wp-json\/wp\/v2\/media\/122396"}],"wp:attachment":[{"href":"https:\/\/www.europesays.com\/se\/wp-json\/wp\/v2\/media?parent=122395"}],"wp:term":[{"taxonomy":"category","embeddable":true,"href":"https:\/\/www.europesays.com\/se\/wp-json\/wp\/v2\/categories?post=122395"},{"taxonomy":"post_tag","embeddable":true,"href":"https:\/\/www.europesays.com\/se\/wp-json\/wp\/v2\/tags?post=122395"}],"curies":[{"name":"wp","href":"https:\/\/api.w.org\/{rel}","templated":true}]}}