{"id":122399,"date":"2026-01-01T08:37:32","date_gmt":"2026-01-01T08:37:32","guid":{"rendered":"https:\/\/www.europesays.com\/se\/122399\/"},"modified":"2026-01-01T08:37:32","modified_gmt":"2026-01-01T08:37:32","slug":"8-sidor-mer-om-mordet-i-boden","status":"publish","type":"post","link":"https:\/\/www.europesays.com\/se\/122399\/","title":{"rendered":"8 Sidor &#8211; Mer om mordet i Boden"},"content":{"rendered":"<p>Ljus utanf\u00f6r den m\u00f6rdade kvinnans hus. Foto: Mats Engfors\/TT<\/p>\n<p>P\u00e5 juldagen blev en kvinna<br \/>m\u00f6rdad i Boden i norra Sverige.<br \/>Kvinnan var ungef\u00e4r 55 \u00e5r.<\/p>\n<p>M\u00f6rdaren ska ha varit<br \/>en man i 20-\u00e5rs\u00e5ldern.<br \/>Han skadade ocks\u00e5<br \/>kvinnans tv\u00e5 d\u00f6ttrar,<br \/>som \u00e4r ton\u00e5ringar.<\/p>\n<p>Mannen ska ha varit i huset<br \/>i flera timmar<br \/>innan poliserna kom<br \/>och sk\u00f6t ihj\u00e4l honom.<\/p>\n<p>Poliserna vet inte<br \/>varf\u00f6r mannen gjorde attacken.<br \/>Han verkar inte ha k\u00e4nt<br \/>kvinnan och d\u00f6ttrarna.<\/p>\n<p>Men mannen kan ha varit<br \/>psykiskt sjuk.<br \/>Han ska tidigare ha haft<br \/>psykiska problem.<br \/>Det s\u00e4ger mannens mamma<br \/>till SVT.<\/p>\n<p>Bara n\u00e5gra dagar f\u00f6re mordet<br \/>ska mannen ha varit inl\u00e5st<br \/>och f\u00e5tt v\u00e5rd f\u00f6r sina<br \/>psykiska problem.<\/p>\n<p>Men han blev sl\u00e4ppt fri<br \/>efter bara en dag.<br \/>Det s\u00e4ger mamman.<\/p>\n<p>Mannens mamma \u00e4r kritisk<br \/>till att han blev fri.<br \/>Det s\u00e4ger hon till SVT.<\/p>\n<p>\u2013 Han beh\u00f6vde hj\u00e4lp,<br \/>s\u00e4ger hon till SVT.<\/p>\n<p>8 SIDOR<\/p>\n","protected":false},"excerpt":{"rendered":"Ljus utanf\u00f6r den m\u00f6rdade kvinnans hus. Foto: Mats Engfors\/TT P\u00e5 juldagen blev en kvinnam\u00f6rdad i Boden i norra&hellip;\n","protected":false},"author":2,"featured_media":122400,"comment_status":"","ping_status":"","sticky":false,"template":"","format":"standard","meta":{"footnotes":""},"categories":[12],"tags":[22,23,26,27,17,21,24,25,28,29,15,16,18,34,31,33,32,30,19,20],"class_list":{"0":"post-122399","1":"post","2":"type-post","3":"status-publish","4":"format-standard","5":"has-post-thumbnail","7":"category-sverige","8":"tag-breaking-news","9":"tag-breakingnews","10":"tag-featured-news","11":"tag-featurednews","12":"tag-headlines","13":"tag-huvudnyheter","14":"tag-latest-news","15":"tag-latestnews","16":"tag-main-news","17":"tag-mainnews","18":"tag-news","19":"tag-nyheter","20":"tag-rubriker","21":"tag-se","22":"tag-svenska","23":"tag-sverige","24":"tag-sweden","25":"tag-swedish","26":"tag-top-stories","27":"tag-topstories"},"share_on_mastodon":{"url":"https:\/\/pubeurope.com\/@se\/115818937883245583","error":""},"_links":{"self":[{"href":"https:\/\/www.europesays.com\/se\/wp-json\/wp\/v2\/posts\/122399","targetHints":{"allow":["GET"]}}],"collection":[{"href":"https:\/\/www.europesays.com\/se\/wp-json\/wp\/v2\/posts"}],"about":[{"href":"https:\/\/www.europesays.com\/se\/wp-json\/wp\/v2\/types\/post"}],"author":[{"embeddable":true,"href":"https:\/\/www.europesays.com\/se\/wp-json\/wp\/v2\/users\/2"}],"replies":[{"embeddable":true,"href":"https:\/\/www.europesays.com\/se\/wp-json\/wp\/v2\/comments?post=122399"}],"version-history":[{"count":0,"href":"https:\/\/www.europesays.com\/se\/wp-json\/wp\/v2\/posts\/122399\/revisions"}],"wp:featuredmedia":[{"embeddable":true,"href":"https:\/\/www.europesays.com\/se\/wp-json\/wp\/v2\/media\/122400"}],"wp:attachment":[{"href":"https:\/\/www.europesays.com\/se\/wp-json\/wp\/v2\/media?parent=122399"}],"wp:term":[{"taxonomy":"category","embeddable":true,"href":"https:\/\/www.europesays.com\/se\/wp-json\/wp\/v2\/categories?post=122399"},{"taxonomy":"post_tag","embeddable":true,"href":"https:\/\/www.europesays.com\/se\/wp-json\/wp\/v2\/tags?post=122399"}],"curies":[{"name":"wp","href":"https:\/\/api.w.org\/{rel}","templated":true}]}}