{"id":122403,"date":"2026-01-01T08:44:08","date_gmt":"2026-01-01T08:44:08","guid":{"rendered":"https:\/\/www.europesays.com\/se\/122403\/"},"modified":"2026-01-01T08:44:08","modified_gmt":"2026-01-01T08:44:08","slug":"vi-hade-trump-i-europa-redan-pa-1990-talet","status":"publish","type":"post","link":"https:\/\/www.europesays.com\/se\/122403\/","title":{"rendered":"Vi hade Trump i Europa redan p\u00e5 1990-talet"},"content":{"rendered":"<p>Donald Trumps s\u00e4tt att montera ned demokratin \u00e4r inget nytt f\u00f6r flera l\u00e4nder i Centraleuropa.<\/p>\n<p>Hynek Pallas anar vart Sverige kan vara p\u00e5 v\u00e4g med en SD-regering efter valet 2026.\u00a0<\/p>\n<p><img   alt=\"\"\/><\/p>\n<p>Trumps politik \u00e4r inget nytt f\u00f6r flera l\u00e4nder i Centraleuropa.<\/p>\n<p>Foto: MARK SCHIEFELBEIN \/ AP TT NYHETSBYR\u00c5N<\/p>\n<p>\u00d6ppna bild i helsk\u00e4rm<img loading=\"lazy\"   alt=\"\"\/><\/p>\n<p>Hynek Pallas \u00e4r f\u00f6rfattare och medarbetare p\u00e5 Expressens kultursida.<\/p>\n<p>Foto: OLLE SPORRONG<\/p>\n<p>\u00d6ppna bild i helsk\u00e4rm<\/p>\n<p><strong>ESS\u00c4. <\/strong>\u201d<strong>Donald Trump<\/strong> hade ju just vunnit presidentvalet\u201d. N\u00e4r <a href=\"https:\/\/triart.se\/pov\/artikel\/progressiva-tendenser-pa-vag-bort-fran-slovakien?fbclid=IwY2xjawOstRtleHRuA2FlbQIxMABicmlkETFXUEpsTWNrZ3pkRTJFZzJDc3J0YwZhcHBfaWQQMjIyMDM5MTc4ODIwMDg5MgABHnJVltx-BD6c0jKT6BxdCZ_DsVuE4u3oGwPO6EgcKKf4wjHHFIN_pDZhDD7Q_aem_d0FGzTESx5xT9ZiRU9ZP7Q\" rel=\"nofollow noopener\" target=\"_blank\">jag f\u00f6r n\u00e5gra \u00e5r sedan intervjuade<\/a> den slovakiska regiss\u00f6ren <strong>Tereza Nvotov\u00e1<\/strong> (\u00e5rets Bronsh\u00e4stvinnare p\u00e5 Stockholms filmfestival) f\u00f6rklarade Nvotov\u00e1 varf\u00f6r hon 2017 hade gjort dokument\u00e4rfilmen \u201dThe lust for power\u201d om Slovakiens 1990-tal och landets auktorit\u00e4ra premi\u00e4rminister <strong>Vladim\u00edr<\/strong> <strong>Me\u010diar.<\/strong> Det som skedde i v\u00e4st, sa hon, var n\u00e5got som hon l\u00e4nge hade upplevt i sitt hemland.<\/p>\n<p>\u201dAllt kring Trump uppfattades som s\u00e5 amerikanskt. Men en karismatisk populist som s\u00e4tter sitt folk p\u00e5 alla viktiga poster? Vi hade ju det redan p\u00e5 90-talet\u201d.<\/p>\n<p>Jag ins\u00e5g att det inte bara st\u00e4mde in p\u00e5 Slovakien. Trumps mytomana politik, hans etnonationalism och klanmentalitet \u2013 samma fenomen fanns inte bara under Me\u010diars styre, de fanns sedan l\u00e4nge i hela Centraleuropa.<\/p>\n<p>Som Nvotov\u00e1 p\u00e5pekade var en bidragande orsak till denna politiska kultur att redan kommunistregimerna hade styrt med nationalism, personkult och populism. Fake news var inget nytt p\u00e5fund h\u00e4r, fr\u00e5n 1948 till 1989 var det norm i historieskrivning och medier.<\/p>\n<p>\u201dDet \u00e4r m\u00f6jligt att postkommunistiska platser har en starkare tr\u00e5d till historien i det avseendet. Men i dag har det blivit globalt\u201d.<\/p>\n<blockquote><p>Ungrare, polacker och tjecker var beredda att d\u00f6 f\u00f6r Europa.<\/p><\/blockquote>\n<p>Med filmen ville Nvotov\u00e1 utmana en vr\u00e5ngbild av det s\u00e5 kallade Centraleuropa. En plats som l\u00e4nge har varit mer projektionsyta \u00e4n en fixerad geografisk region. Under Habsburgsperioden en idealiserad civilisation utan gr\u00e4nser. Under mellankrigstiden betraktad som modern kulturvagga. Sen kom nazismen och ett f\u00f6r\u00f6dande krig. L\u00e4nderna som d\u00e4refter slukades av Sovjet fick en ny etikett: \u00d6steuropa. Vilket har tj\u00e4nat Kreml v\u00e4l.\u00a0<\/p>\n<p>1983 satte <strong>Milan Kundera<\/strong> fingret p\u00e5 situationen i ess\u00e4n \u201dEtt kidnappat v\u00e4sterland \u2013 eller Centraleuropas tragedi\u201d. Enligt f\u00f6rfattaren var tragedin inte den sovjetiska ockupationen, utan att v\u00e4st f\u00f6rr\u00e5dde Centraleuropa. Ungrare, polacker och tjecker var beredda att d\u00f6 f\u00f6r Europa, medan v\u00e4steurop\u00e9er inte uppskattade v\u00e4rdet av hela Europa. \u201dEn liten nation \u00e4r en vars existens kan ifr\u00e5gas\u00e4ttas n\u00e4r som helst, den kan f\u00f6rsvinna \u2013 och vet det\u201d, skrev Kundera profetiskt.\u00a0<\/p>\n<p>2021 hakade Ukrainas d\u00e5varande utrikesminister <strong>Dmytro Kuleba<\/strong> p\u00e5 med talet \u201dUkraine is back in Central Europe\u201d. <a href=\"https:\/\/mfa.gov.ua\/en\/news\/dmytro-kuleba-ukraine-back-central-europe\" rel=\"nofollow noopener\" target=\"_blank\">Kuleba p\u00e5pekade<\/a> att \u201dom du tillh\u00f6r Central- eller \u00d6steuropa definieras inte av geografi eller kultur, utan av en nations relativt nyliga politiska f\u00f6rflutna.\u201d F\u00f6rst \u00e5ret d\u00e4rp\u00e5, efter Rysslands fullskaliga invasion av Kulebas hemland, b\u00f6rjade den insikten f\u00e5 f\u00e4ste i v\u00e4st. (Inte utan motst\u00e5nd: S\u00e5 kallade \u201drealister\u201d, som f\u00f6rfattaren <strong>Lena Andersson,<\/strong> anser fortfarande att Ukraina ska \u201dacceptera sitt geografiska \u00f6de\u201d. <a href=\"https:\/\/www.svtplay.se\/video\/jR55vYY\/30-minuter\/forfattaren-lena-andersson\" rel=\"nofollow noopener\" target=\"_blank\">SVT, 2\/10<\/a>).\u00a0<\/p>\n<p><img loading=\"lazy\"   alt=\"\"\/><\/p>\n<p>\u201dEuropas svarta h\u00e5l\u201d, kallade USA:s utrikesminister Madeleine Albright kallade Slovakien 1997.<\/p>\n<p>Foto: AP \/ TT NYHETSBYR\u00c5N\/ NTB Scanpix<\/p>\n<p>\u00d6ppna bild i helsk\u00e4rm<img loading=\"lazy\"   alt=\"\"\/><\/p>\n<p>Luka Ivan Jukics bok \u201dCentral Europe\u201d.<\/p>\n<p>\u00d6ppna bild i helsk\u00e4rm<\/p>\n<p>Att det p\u00e5 senare \u00e5r har fyllts p\u00e5 med b\u00f6cker i \u00e4mnet f\u00f6rv\u00e5nar allts\u00e5 inte. I <strong>Luka Ivan Jukics<\/strong> \u201dCentral Europe\u201d (2025) \u2013 den b\u00e4sta av dem \u2013 \u00e4r tesen att \u201dCentraleuropa\u201d b\u00f6r f\u00f6rst\u00e5s mindre som en plats och mer som en romantiserad svunnen era. En tid d\u00e5 gr\u00e4nser, \u00e4ven religi\u00f6sa, etniska och sociala, revs och o\u00e5terkalleligen gick f\u00f6rlorad med 1900-talets omv\u00e4lvningar. Efter etnisk nationalism, folkmord, diktatur och vansk\u00f6tta samh\u00e4llen \u00e4r det s\u00e5 kallade Centraleuropa i dag n\u00e5got annat.\u00a0<\/p>\n<p>Annons<\/p>\n<p>Jukics bok g\u00f6r halt 1989. Men romantiseringen och den geopolitiska dragkampen om vad Centraleuropa ska vara har fortsatt.\u00a0<\/p>\n<p>Med 1989 \u00e5rs sammetsrevolutioner tycktes flera l\u00e4nder \u00f6ver en natt ha blivit liberala demokratier. \u00c5terv\u00e4nt till v\u00e4st. Me\u010diars Slovakien s\u00e5gs som en anomali. \u201dEuropas svarta h\u00e5l\u201d, som USA:s tidigare utrikesminister <strong>Madeleine Albright<\/strong> kallade landet 1997. Me\u010diar kontrade och f\u00f6rklarade att \u201dvill de inte ha oss i v\u00e4st, d\u00e5 v\u00e4nder vi oss \u00f6sterut\u201d. Kreml h\u00f6ll med: 2009 ans\u00e5g Ryssland att \u00e4ven Tjeckien var \u201d\u00d6steuropa\u201d och ingick i deras intressesf\u00e4r.\u00a0<\/p>\n<p>Men dissidenternas nya demokratier<strong> <\/strong>inneh\u00f6ll ocks\u00e5 starkt antiliberalt motst\u00e5nd. Den nationalkonservative polske politikern <strong>Ryszard Legutko<\/strong> sammanfattade det i boken \u201dThe Demon in democracy\u201d (2016) d\u00e4r han skrev att 1989 \u00e5rs revolutioner var \u201dfalska\u201d. \u00c5sikten att liberalism inte \u00e4r b\u00e4ttre \u00e4n kommunism, att det beh\u00f6vs nationella revolutioner som kastar av sig detta ok, \u00e4r allt vanligare i regionens politik.\u00a0<\/p>\n<blockquote><p>Washington anser att Europa p\u00e5 grund av invandring st\u00e5r inf\u00f6r &#8217;civilisationskollaps&#8217;.<\/p><\/blockquote>\n<p>Efter h\u00f6stens parlamentsval s\u00e4llade sig Tjeckien till dessa antidemokratiska str\u00f6mningar, som \u00e4ven dominerar i <a href=\"https:\/\/www.expressen.se\/tagg\/location\/ungern\/\" class=\"\" rel=\"nofollow noopener\" target=\"_blank\">Ungern<\/a> och Slovakien. Den nya regeringen best\u00e5r av populistr\u00f6relsen ANO, ledd av en oligark, tillsammans med h\u00f6gerextrema och partiet Motoristerna. Politiken \u00e4r en h\u00e4rva av fagra l\u00f6ften till pension\u00e4rer, \u201dinvandringskritik\u201d, hat mot cyklister och mot EU:s gr\u00f6na giv. Och hot om att stoppa st\u00f6det till Ukraina.\u00a0<\/p>\n<p>De k\u00e4nner en vind i seglen som <strong>Viktor Orb\u00e1n<\/strong> upplevde redan 2017 n\u00e4r han i ett tal f\u00f6rklarade: \u201d1989 trodde vi att Europa var v\u00e5r framtid \u2013 i dag k\u00e4nner vi att vi \u00e4r Europas framtid\u201d. Med Donald Trumps <a href=\"https:\/\/www.defenseone.com\/policy\/2025\/12\/make-europe-great-again-and-more-longer-version-national-security-strategy\/410038\/\" rel=\"nofollow noopener\" target=\"_blank\">nya s\u00e4kerhetsstrategi<\/a> f\u00e5r den vinden rej\u00e4l fart. Washington anser att Europa p\u00e5 grund av invandring st\u00e5r inf\u00f6r en \u201dcivilisationskollaps\u201d. Men Trump identifierar n\u00e5gra galliska byar som h\u00e5ller emot, bland dem Polen och Ungern. De ska uppmuntras att l\u00e4mna EU och str\u00f6mningar som vill \u201dbevara en traditionell europeisk livsstil\u201d ska premieras.\u00a0<\/p>\n<p><img loading=\"lazy\"   alt=\"\"\/><\/p>\n<p>SD:s partiledare Jimmie \u00c5kesson talar h\u00e5ller tal under partiets landsdagar i \u00d6rebro.<\/p>\n<p>Foto: SVEN LINDWALL<\/p>\n<p>\u00d6ppna bild i helsk\u00e4rm<\/p>\n<p>Det \u00e4r d\u00e5liga nyheter f\u00f6r de fickor av liberalt motst\u00e5nd som finns i regionen. I synnerhet som dessa ickestatliga organisationer, fria medier och kulturfabriker lider kraftigt av att just USAID (United states agency for international development) har strypt deras st\u00f6d.\u00a0<\/p>\n<p>Fr\u00e5gan \u00e4r om V\u00e4steuropa inser detta, och hur beredda vi \u00e4r att f\u00f6rst\u00e5 Centraleuropa bortom Kunderas \u201dkidnappade v\u00e4sterland\u201d? Eller med <strong>Emmanuel Macrons<\/strong> definition, i ett tal som den franske presidenten h\u00f6ll i Bratislava 2023, enbart som en region \u201dfri fr\u00e5n Ryssland\u201d? F\u00f6rst\u00e5r vi, bortom den febrila aktivitet som p\u00e5g\u00e5r med att hj\u00e4lpa Ukraina, vad det inneb\u00e4r att f\u00f6rlora Centraleuropa?\u00a0<\/p>\n<p>Vill vi v\u00e4rna Europa m\u00e5ste vi f\u00f6rst\u00e5 Centraleuropa. Det g\u00e4ller s\u00e4rskilt eftersom regionen \u2013 som Nvotov\u00e1 p\u00e5pekade och Trump har insett \u2013 ligger f\u00f6re med den demokratif\u00f6rst\u00f6rande utveckling vi nu ser i v\u00e4st. De har l\u00e4nge haft samma nedmontering av viktiga skyddsmekanismer, av public service och fri kultur. Samma f\u00f6rakt f\u00f6r invandrare, minoriteter och internationella samarbeten. Samma dr\u00f6mmar om homogena nationer.<\/p>\n<p>Allt det som med en SD-regering efter valet 2026 kommer att accelerera hos oss.\u00a0<\/p>\n<p>Hynek Pallas \u00e4r f\u00f6rfattare och medarbetare p\u00e5 Expressens kultursida.<\/p>\n<p>LYSSNA P\u00c5 EXPRESSENS BOKKLUBB<img alt=\"\"\/>Ljudklippet gick inte att spela upp<\/p>\n<p>F\u00f6rs\u00f6k igen senare<\/p>\n","protected":false},"excerpt":{"rendered":"Donald Trumps s\u00e4tt att montera ned demokratin \u00e4r inget nytt f\u00f6r flera l\u00e4nder i Centraleuropa. Hynek Pallas anar&hellip;\n","protected":false},"author":2,"featured_media":122404,"comment_status":"","ping_status":"","sticky":false,"template":"","format":"standard","meta":{"footnotes":""},"categories":[14],"tags":[22,23,26,27,17,21,24,25,286,274,1605,212,6087,202,922,45,1829,28,29,15,16,3755,198,6373,4607,1339,18,34,106,31,33,32,30,19,204,152,781,20,51,52,53,54],"class_list":{"0":"post-122403","1":"post","2":"type-post","3":"status-publish","4":"format-standard","5":"has-post-thumbnail","7":"category-varlden","8":"tag-breaking-news","9":"tag-breakingnews","10":"tag-featured-news","11":"tag-featurednews","12":"tag-headlines","13":"tag-huvudnyheter","14":"tag-latest-news","15":"tag-latestnews","16":"tag-location-europa","17":"tag-location-ryssland","18":"tag-location-slovakien","19":"tag-location-sverige","20":"tag-location-tjeckien","21":"tag-location-ukraina","22":"tag-location-ungern","23":"tag-location-usa","24":"tag-location-washington-dc","25":"tag-main-news","26":"tag-mainnews","27":"tag-news","28":"tag-nyheter","29":"tag-organization-expressen-kultur","30":"tag-person-donald-trump","31":"tag-person-hynek-pallas","32":"tag-person-lena-andersson","33":"tag-person-viktor-orban","34":"tag-rubriker","35":"tag-se","36":"tag-sections-ide","37":"tag-svenska","38":"tag-sverige","39":"tag-sweden","40":"tag-swedish","41":"tag-top-stories","42":"tag-topic-amerikansk-politik","43":"tag-topic-inrikespolitik","44":"tag-topic-utrikespolitik","45":"tag-topstories","46":"tag-varlden","47":"tag-world","48":"tag-world-news","49":"tag-worldnews"},"share_on_mastodon":{"url":"","error":"Validation failed: Text character limit of 500 exceeded"},"_links":{"self":[{"href":"https:\/\/www.europesays.com\/se\/wp-json\/wp\/v2\/posts\/122403","targetHints":{"allow":["GET"]}}],"collection":[{"href":"https:\/\/www.europesays.com\/se\/wp-json\/wp\/v2\/posts"}],"about":[{"href":"https:\/\/www.europesays.com\/se\/wp-json\/wp\/v2\/types\/post"}],"author":[{"embeddable":true,"href":"https:\/\/www.europesays.com\/se\/wp-json\/wp\/v2\/users\/2"}],"replies":[{"embeddable":true,"href":"https:\/\/www.europesays.com\/se\/wp-json\/wp\/v2\/comments?post=122403"}],"version-history":[{"count":0,"href":"https:\/\/www.europesays.com\/se\/wp-json\/wp\/v2\/posts\/122403\/revisions"}],"wp:featuredmedia":[{"embeddable":true,"href":"https:\/\/www.europesays.com\/se\/wp-json\/wp\/v2\/media\/122404"}],"wp:attachment":[{"href":"https:\/\/www.europesays.com\/se\/wp-json\/wp\/v2\/media?parent=122403"}],"wp:term":[{"taxonomy":"category","embeddable":true,"href":"https:\/\/www.europesays.com\/se\/wp-json\/wp\/v2\/categories?post=122403"},{"taxonomy":"post_tag","embeddable":true,"href":"https:\/\/www.europesays.com\/se\/wp-json\/wp\/v2\/tags?post=122403"}],"curies":[{"name":"wp","href":"https:\/\/api.w.org\/{rel}","templated":true}]}}