{"id":122405,"date":"2026-01-01T08:46:06","date_gmt":"2026-01-01T08:46:06","guid":{"rendered":"https:\/\/www.europesays.com\/se\/122405\/"},"modified":"2026-01-01T08:46:06","modified_gmt":"2026-01-01T08:46:06","slug":"man-gripen-for-valdtakt-pa-krog-kvinna-fordes-till-sjukhus","status":"publish","type":"post","link":"https:\/\/www.europesays.com\/se\/122405\/","title":{"rendered":"Man gripen f\u00f6r v\u00e5ldt\u00e4kt p\u00e5 krog \u2013 kvinna f\u00f6rdes till sjukhus"},"content":{"rendered":"<p>Larm om v\u00e5ldt\u00e4kt i krogmilj\u00f6 i \u00d6rebro inkom till polisen runt 02-tiden. En kvinna i 20-\u00e5rs\u00e5ldern f\u00f6rdes till sjukhus.<\/p>\n<p>\u2013 Mannen greps och \u00e4r numera anh\u00e5llen, s\u00e4ger Lars Hedelin, polisens presstalesperson.<\/p>\n<p>Vilken krog var det?<\/p>\n<p>\u2013 Jag kommer inte g\u00e5 in p\u00e5 n\u00e5gra detaljer med h\u00e4nsyn till m\u00e5ls\u00e4garen. Men det kommer att utf\u00f6ras teknisk unders\u00f6kning och vittnen kommer att h\u00f6ras.<\/p>\n","protected":false},"excerpt":{"rendered":"Larm om v\u00e5ldt\u00e4kt i krogmilj\u00f6 i \u00d6rebro inkom till polisen runt 02-tiden. En kvinna i 20-\u00e5rs\u00e5ldern f\u00f6rdes till&hellip;\n","protected":false},"author":2,"featured_media":793,"comment_status":"","ping_status":"","sticky":false,"template":"","format":"standard","meta":{"footnotes":""},"categories":[5],"tags":[22,23,26,27,17,21,24,25,28,29,15,16,18,34,31,33,32,30,19,20],"class_list":{"0":"post-122405","1":"post","2":"type-post","3":"status-publish","4":"format-standard","5":"has-post-thumbnail","7":"category-rubriker","8":"tag-breaking-news","9":"tag-breakingnews","10":"tag-featured-news","11":"tag-featurednews","12":"tag-headlines","13":"tag-huvudnyheter","14":"tag-latest-news","15":"tag-latestnews","16":"tag-main-news","17":"tag-mainnews","18":"tag-news","19":"tag-nyheter","20":"tag-rubriker","21":"tag-se","22":"tag-svenska","23":"tag-sverige","24":"tag-sweden","25":"tag-swedish","26":"tag-top-stories","27":"tag-topstories"},"share_on_mastodon":{"url":"https:\/\/pubeurope.com\/@se\/115818973280885674","error":""},"_links":{"self":[{"href":"https:\/\/www.europesays.com\/se\/wp-json\/wp\/v2\/posts\/122405","targetHints":{"allow":["GET"]}}],"collection":[{"href":"https:\/\/www.europesays.com\/se\/wp-json\/wp\/v2\/posts"}],"about":[{"href":"https:\/\/www.europesays.com\/se\/wp-json\/wp\/v2\/types\/post"}],"author":[{"embeddable":true,"href":"https:\/\/www.europesays.com\/se\/wp-json\/wp\/v2\/users\/2"}],"replies":[{"embeddable":true,"href":"https:\/\/www.europesays.com\/se\/wp-json\/wp\/v2\/comments?post=122405"}],"version-history":[{"count":0,"href":"https:\/\/www.europesays.com\/se\/wp-json\/wp\/v2\/posts\/122405\/revisions"}],"wp:featuredmedia":[{"embeddable":true,"href":"https:\/\/www.europesays.com\/se\/wp-json\/wp\/v2\/media\/793"}],"wp:attachment":[{"href":"https:\/\/www.europesays.com\/se\/wp-json\/wp\/v2\/media?parent=122405"}],"wp:term":[{"taxonomy":"category","embeddable":true,"href":"https:\/\/www.europesays.com\/se\/wp-json\/wp\/v2\/categories?post=122405"},{"taxonomy":"post_tag","embeddable":true,"href":"https:\/\/www.europesays.com\/se\/wp-json\/wp\/v2\/tags?post=122405"}],"curies":[{"name":"wp","href":"https:\/\/api.w.org\/{rel}","templated":true}]}}