{"id":122408,"date":"2026-01-01T08:52:25","date_gmt":"2026-01-01T08:52:25","guid":{"rendered":"https:\/\/www.europesays.com\/se\/122408\/"},"modified":"2026-01-01T08:52:25","modified_gmt":"2026-01-01T08:52:25","slug":"forenade-arabemiraten-lamnar-jemen-goteborgs-posten","status":"publish","type":"post","link":"https:\/\/www.europesays.com\/se\/122408\/","title":{"rendered":"F\u00f6renade arabemiraten l\u00e4mnar Jemen | G\u00f6teborgs-Posten"},"content":{"rendered":"<p>\u201dF\u00f6rsvarsdepartementet meddelar h\u00e4r med att den kvarvarande antiterrorinsatsen i Jemen avslutas\u201d, heter det i uttalandet fr\u00e5n F\u00f6renade arabemiraten.<\/p>\n<p>Natten mot tisdag bombade Saudiarabien m\u00e5l i den jemenitiska hamnstaden Mukalla. M\u00e5let uppges ha varit en vapenleverans, som enligt Saudiarabien skickats fr\u00e5n Abu Dhabi till en separatiststyrka i Jemen.<\/p>\n<p>I samband med attacken l\u00e4mnade Riyadh ett ultimatum till F\u00f6renade arabemiraten: Ta hem era styrkor inom 24 timmar.<\/p>\n<p>Separatisterna i fr\u00e5ga, STC, s\u00e4ger \u00e5 sin sida i ett uttalande p\u00e5 tisdagseftermiddagen att man inte kommer att dra sig tillbaka.<\/p>\n<p>Till f\u00f6ljd av angreppet har det jemenitiska presidentr\u00e5det utlyst undantagstillst\u00e5nd i 90 dagar. Dessutom st\u00e4ngs gr\u00e4nspassager och inresor med flyg och via hamnar i vissa omr\u00e5den i tre dygn.<\/p>\n<p>Samtidigt upph\u00e4vdes ett f\u00f6rsvarsavtal med F\u00f6renade arabemiraten.<\/p>\n<p>Den jemenitiska regeringen, som erk\u00e4nns av det internationella samfundet som landets legitima styre, h\u00e5ller Saudiarabien som sin huvudsakliga allierade.<\/p>\n<p>Inb\u00f6rdeskriget har rasat i Jemen i mer \u00e4n ett \u00e5rtionde.<\/p>\n","protected":false},"excerpt":{"rendered":"\u201dF\u00f6rsvarsdepartementet meddelar h\u00e4r med att den kvarvarande antiterrorinsatsen i Jemen avslutas\u201d, heter det i uttalandet fr\u00e5n F\u00f6renade arabemiraten.&hellip;\n","protected":false},"author":2,"featured_media":122409,"comment_status":"","ping_status":"","sticky":false,"template":"","format":"standard","meta":{"footnotes":""},"categories":[14],"tags":[22,23,26,27,17,21,24,25,28,29,15,16,18,34,31,33,32,30,19,20,51,52,53,54],"class_list":{"0":"post-122408","1":"post","2":"type-post","3":"status-publish","4":"format-standard","5":"has-post-thumbnail","7":"category-varlden","8":"tag-breaking-news","9":"tag-breakingnews","10":"tag-featured-news","11":"tag-featurednews","12":"tag-headlines","13":"tag-huvudnyheter","14":"tag-latest-news","15":"tag-latestnews","16":"tag-main-news","17":"tag-mainnews","18":"tag-news","19":"tag-nyheter","20":"tag-rubriker","21":"tag-se","22":"tag-svenska","23":"tag-sverige","24":"tag-sweden","25":"tag-swedish","26":"tag-top-stories","27":"tag-topstories","28":"tag-varlden","29":"tag-world","30":"tag-world-news","31":"tag-worldnews"},"share_on_mastodon":{"url":"https:\/\/pubeurope.com\/@se\/115818996975722975","error":""},"_links":{"self":[{"href":"https:\/\/www.europesays.com\/se\/wp-json\/wp\/v2\/posts\/122408","targetHints":{"allow":["GET"]}}],"collection":[{"href":"https:\/\/www.europesays.com\/se\/wp-json\/wp\/v2\/posts"}],"about":[{"href":"https:\/\/www.europesays.com\/se\/wp-json\/wp\/v2\/types\/post"}],"author":[{"embeddable":true,"href":"https:\/\/www.europesays.com\/se\/wp-json\/wp\/v2\/users\/2"}],"replies":[{"embeddable":true,"href":"https:\/\/www.europesays.com\/se\/wp-json\/wp\/v2\/comments?post=122408"}],"version-history":[{"count":0,"href":"https:\/\/www.europesays.com\/se\/wp-json\/wp\/v2\/posts\/122408\/revisions"}],"wp:featuredmedia":[{"embeddable":true,"href":"https:\/\/www.europesays.com\/se\/wp-json\/wp\/v2\/media\/122409"}],"wp:attachment":[{"href":"https:\/\/www.europesays.com\/se\/wp-json\/wp\/v2\/media?parent=122408"}],"wp:term":[{"taxonomy":"category","embeddable":true,"href":"https:\/\/www.europesays.com\/se\/wp-json\/wp\/v2\/categories?post=122408"},{"taxonomy":"post_tag","embeddable":true,"href":"https:\/\/www.europesays.com\/se\/wp-json\/wp\/v2\/tags?post=122408"}],"curies":[{"name":"wp","href":"https:\/\/api.w.org\/{rel}","templated":true}]}}