{"id":122410,"date":"2026-01-01T08:53:07","date_gmt":"2026-01-01T08:53:07","guid":{"rendered":"https:\/\/www.europesays.com\/se\/122410\/"},"modified":"2026-01-01T08:53:07","modified_gmt":"2026-01-01T08:53:07","slug":"sa-blev-nyarsnatten-fler-polisarenden-an-forra-aret","status":"publish","type":"post","link":"https:\/\/www.europesays.com\/se\/122410\/","title":{"rendered":"S\u00e5 blev ny\u00e5rsnatten \u2013 fler polis\u00e4renden \u00e4n f\u00f6rra \u00e5ret"},"content":{"rendered":"<p>Ny\u00e5rskv\u00e4llen och natten i Stockholms l\u00e4n l\u00e5g ungef\u00e4r i niv\u00e5 med f\u00f6rra \u00e5rets ny\u00e5rshelg, uppger polisen. Men antalet \u00e4renden var fler \u2013 i \u00e5r hanterade polisen 1\u00a0238 \u00e4renden, j\u00e4mf\u00f6rt med 1\u00a0045\u00a0i fjol.<\/p>\n<p>\u2013 D\u00e4remot var det fler lindrigare \u00e4renden, s\u00e4ger Robert Sennerdal, polisens presstalesperson.<\/p>\n<p>Sammanlagt omh\u00e4ndertogs 31 berusade personer under kv\u00e4llen och natten. Ut\u00f6ver det frihetsber\u00f6vades 70 personer misst\u00e4nkta f\u00f6r brott, vilket var f\u00e4rre \u00e4n 2024 \u00e5rs siffra som l\u00e5g p\u00e5 84 personer.<\/p>\n<p>Samtidigt hanterades 58 misshandels\u00e4renden. Motsvarande siffra f\u00f6r fjol\u00e5rets ny\u00e5rshelg var 74.<\/p>\n<p>Tr\u00e4ffades av fyrverkeripj\u00e4s<\/p>\n<p>En av kv\u00e4llens mer allvarliga h\u00e4ndelser inkluderar en ung man som <a href=\"https:\/\/www.svt.se\/nyheter\/lokalt\/stockholm\/fick-fyrverkeripjas-i-ansiktet-allvarligt-skadad\" rel=\"nofollow noopener\" target=\"_blank\">tr\u00e4ffades av en fyrverkeripj\u00e4s<\/a> i ansiktet. Mannen blev allvarligt skadad och f\u00f6rdes till sjukhus med ambulans. Polisen har inlett en brottsutredning om v\u00e5llande till kroppsskada. <\/p>\n<p>\u2013 Man har gjort en del f\u00f6rh\u00f6r under natten och det finns m\u00e5nga vittnen men ingen misst\u00e4nkt \u00e4nnu, s\u00e4ger Robert Sennerdal.<\/p>\n<p>Tidigare under kv\u00e4llen omh\u00e4ndertogs tv\u00e5 barn, 13 och 14 \u00e5r gamla, efter att ha skjutit raketer p\u00e5 Sergels torg vid ett flertal tillf\u00e4llen. <\/p>\n<p>Senare <a href=\"https:\/\/www.svt.se\/nyheter\/lokalt\/stockholm\/man-knivhuggen-i-farsta-misstankt-mordforsok\" rel=\"nofollow noopener\" target=\"_blank\">knivh\u00f6ggs en man<\/a> p\u00e5 ett hotellhem i Farsta och f\u00f6rdes allvarligt skadad till sjukhus i ambulans. Polisen grep en man i 40-\u00e5rs\u00e5ldern och h\u00e4ndelsen utreds som mordf\u00f6rs\u00f6k.<\/p>\n","protected":false},"excerpt":{"rendered":"Ny\u00e5rskv\u00e4llen och natten i Stockholms l\u00e4n l\u00e5g ungef\u00e4r i niv\u00e5 med f\u00f6rra \u00e5rets ny\u00e5rshelg, uppger polisen. Men antalet&hellip;\n","protected":false},"author":2,"featured_media":122411,"comment_status":"","ping_status":"","sticky":false,"template":"","format":"standard","meta":{"footnotes":""},"categories":[12],"tags":[22,23,26,27,17,21,24,25,28,29,15,16,18,34,31,33,32,30,19,20],"class_list":{"0":"post-122410","1":"post","2":"type-post","3":"status-publish","4":"format-standard","5":"has-post-thumbnail","7":"category-sverige","8":"tag-breaking-news","9":"tag-breakingnews","10":"tag-featured-news","11":"tag-featurednews","12":"tag-headlines","13":"tag-huvudnyheter","14":"tag-latest-news","15":"tag-latestnews","16":"tag-main-news","17":"tag-mainnews","18":"tag-news","19":"tag-nyheter","20":"tag-rubriker","21":"tag-se","22":"tag-svenska","23":"tag-sverige","24":"tag-sweden","25":"tag-swedish","26":"tag-top-stories","27":"tag-topstories"},"share_on_mastodon":{"url":"https:\/\/pubeurope.com\/@se\/115819000884825346","error":""},"_links":{"self":[{"href":"https:\/\/www.europesays.com\/se\/wp-json\/wp\/v2\/posts\/122410","targetHints":{"allow":["GET"]}}],"collection":[{"href":"https:\/\/www.europesays.com\/se\/wp-json\/wp\/v2\/posts"}],"about":[{"href":"https:\/\/www.europesays.com\/se\/wp-json\/wp\/v2\/types\/post"}],"author":[{"embeddable":true,"href":"https:\/\/www.europesays.com\/se\/wp-json\/wp\/v2\/users\/2"}],"replies":[{"embeddable":true,"href":"https:\/\/www.europesays.com\/se\/wp-json\/wp\/v2\/comments?post=122410"}],"version-history":[{"count":0,"href":"https:\/\/www.europesays.com\/se\/wp-json\/wp\/v2\/posts\/122410\/revisions"}],"wp:featuredmedia":[{"embeddable":true,"href":"https:\/\/www.europesays.com\/se\/wp-json\/wp\/v2\/media\/122411"}],"wp:attachment":[{"href":"https:\/\/www.europesays.com\/se\/wp-json\/wp\/v2\/media?parent=122410"}],"wp:term":[{"taxonomy":"category","embeddable":true,"href":"https:\/\/www.europesays.com\/se\/wp-json\/wp\/v2\/categories?post=122410"},{"taxonomy":"post_tag","embeddable":true,"href":"https:\/\/www.europesays.com\/se\/wp-json\/wp\/v2\/tags?post=122410"}],"curies":[{"name":"wp","href":"https:\/\/api.w.org\/{rel}","templated":true}]}}