{"id":122412,"date":"2026-01-01T08:54:07","date_gmt":"2026-01-01T08:54:07","guid":{"rendered":"https:\/\/www.europesays.com\/se\/122412\/"},"modified":"2026-01-01T08:54:07","modified_gmt":"2026-01-01T08:54:07","slug":"skot-raketer-fran-hotellfonster-i-knivsta-mot-grannar","status":"publish","type":"post","link":"https:\/\/www.europesays.com\/se\/122412\/","title":{"rendered":"Sk\u00f6t raketer fr\u00e5n hotellf\u00f6nster i Knivsta \u2013 mot grannar"},"content":{"rendered":"<p>Ny\u00e5rsfirandet i Uppsala l\u00e4n beskrivs av polisen som \u201dvanligt\u201d \u2013 med br\u00e5k och fylla. <\/p>\n<p>Totalt har 26 personer f\u00e5tt tillbringa natten i polisens fylleceller efter att ha blivit omh\u00e4ndertagna enligt LOB (lagen om omh\u00e4ndertagande av berusade personer).<\/p>\n<p>Tre minuter efter midnatt blev den \u00e4nnu st\u00f6kigare i Knivsta d\u00e4r det sk\u00f6ts fyrverkeripj\u00e4ser fr\u00e5n ett hotellf\u00f6nster.<\/p>\n<p>\u2013 Man har siktat p\u00e5 grannhus och balkonger s\u00e5 n\u00e5gra fick inte njuta av tolvslaget i och med att n\u00e5gon sk\u00f6t efter dem, s\u00e4ger Wayne Seretis, presstalesperson vid polisen.<\/p>\n<p>Polisen har inlett en f\u00f6runders\u00f6kning om f\u00f6rs\u00f6k till grov misshandel. Ingen person \u00e4r \u00e4nnu frihetsber\u00f6vad.<\/p>\n<p>Ut\u00f6ver fyllan och h\u00e4ndelsen i Knivsta sticker en olycka i Uppsala ut d\u00e4r en ton\u00e5rspojke blev tr\u00e4ffad av en raket.<\/p>\n<p>\u2013 Han ska ha bl\u00f6tt fr\u00e5n \u00f6rat. D\u00e4r har vi ingen brottsanm\u00e4lan, s\u00e4ger Wayne Seretis.<\/p>\n","protected":false},"excerpt":{"rendered":"Ny\u00e5rsfirandet i Uppsala l\u00e4n beskrivs av polisen som \u201dvanligt\u201d \u2013 med br\u00e5k och fylla. Totalt har 26 personer&hellip;\n","protected":false},"author":2,"featured_media":793,"comment_status":"","ping_status":"","sticky":false,"template":"","format":"standard","meta":{"footnotes":""},"categories":[5],"tags":[22,23,26,27,17,21,24,25,28,29,15,16,18,34,31,33,32,30,19,20],"class_list":{"0":"post-122412","1":"post","2":"type-post","3":"status-publish","4":"format-standard","5":"has-post-thumbnail","7":"category-rubriker","8":"tag-breaking-news","9":"tag-breakingnews","10":"tag-featured-news","11":"tag-featurednews","12":"tag-headlines","13":"tag-huvudnyheter","14":"tag-latest-news","15":"tag-latestnews","16":"tag-main-news","17":"tag-mainnews","18":"tag-news","19":"tag-nyheter","20":"tag-rubriker","21":"tag-se","22":"tag-svenska","23":"tag-sverige","24":"tag-sweden","25":"tag-swedish","26":"tag-top-stories","27":"tag-topstories"},"share_on_mastodon":{"url":"https:\/\/pubeurope.com\/@se\/115819004738467713","error":""},"_links":{"self":[{"href":"https:\/\/www.europesays.com\/se\/wp-json\/wp\/v2\/posts\/122412","targetHints":{"allow":["GET"]}}],"collection":[{"href":"https:\/\/www.europesays.com\/se\/wp-json\/wp\/v2\/posts"}],"about":[{"href":"https:\/\/www.europesays.com\/se\/wp-json\/wp\/v2\/types\/post"}],"author":[{"embeddable":true,"href":"https:\/\/www.europesays.com\/se\/wp-json\/wp\/v2\/users\/2"}],"replies":[{"embeddable":true,"href":"https:\/\/www.europesays.com\/se\/wp-json\/wp\/v2\/comments?post=122412"}],"version-history":[{"count":0,"href":"https:\/\/www.europesays.com\/se\/wp-json\/wp\/v2\/posts\/122412\/revisions"}],"wp:featuredmedia":[{"embeddable":true,"href":"https:\/\/www.europesays.com\/se\/wp-json\/wp\/v2\/media\/793"}],"wp:attachment":[{"href":"https:\/\/www.europesays.com\/se\/wp-json\/wp\/v2\/media?parent=122412"}],"wp:term":[{"taxonomy":"category","embeddable":true,"href":"https:\/\/www.europesays.com\/se\/wp-json\/wp\/v2\/categories?post=122412"},{"taxonomy":"post_tag","embeddable":true,"href":"https:\/\/www.europesays.com\/se\/wp-json\/wp\/v2\/tags?post=122412"}],"curies":[{"name":"wp","href":"https:\/\/api.w.org\/{rel}","templated":true}]}}