{"id":122413,"date":"2026-01-01T09:02:08","date_gmt":"2026-01-01T09:02:08","guid":{"rendered":"https:\/\/www.europesays.com\/se\/122413\/"},"modified":"2026-01-01T09:02:08","modified_gmt":"2026-01-01T09:02:08","slug":"man-anhallen-for-misstankt-valdtakt","status":"publish","type":"post","link":"https:\/\/www.europesays.com\/se\/122413\/","title":{"rendered":"Man anh\u00e5llen f\u00f6r misst\u00e4nkt v\u00e5ldt\u00e4kt"},"content":{"rendered":"<p>share-arrowDela<\/p>\n<p>unsaveSpara<\/p>\n<p>expand-left<\/p>\n<p>helsk\u00e4rm<img decoding=\"async\" class=\"image-asset hyperion-css-u06ts1\" data-test-tag=\"image-asset\" src=\"https:\/\/www.europesays.com\/se\/wp-content\/uploads\/2026\/01\/c7ca2bc2-5176-4dfb-b769-6e71eec9f807.jpeg\"  alt=\"En man \u00e4r anh\u00e5llen f\u00f6r misst\u00e4nkt v\u00e5ldt\u00e4kt i \u00d6rebro. Arkivbild.\"  loading=\"eager\" fetchpriority=\"high\" style=\"aspect-ratio:1900 \/ 1293\"\/>En man \u00e4r anh\u00e5llen f\u00f6r misst\u00e4nkt v\u00e5ldt\u00e4kt i \u00d6rebro. Arkivbild. Foto: Christine Olsson\/TT<\/p>\n<p class=\"hyperion-css-1v9qo5x\">En man i tjugo\u00e5rs\u00e5ldern har anh\u00e5llits misst\u00e4nkt f\u00f6r att ha v\u00e5ldtagit en kvinna i samma \u00e5lder p\u00e5 en krog \u00d6rebro.<\/p>\n<p class=\"hyperion-css-1v9qo5x\">\u2013 Mannen greps mannen natten mot torsdagen. Kvinnan \u00e5kte till sjukhus f\u00f6r unders\u00f6kning som en del i utredningen, s\u00e4ger Lars Hedelin, presstalesperson p\u00e5 polisregion Bergslagen.<\/p>\n","protected":false},"excerpt":{"rendered":"share-arrowDela unsaveSpara expand-left helsk\u00e4rmEn man \u00e4r anh\u00e5llen f\u00f6r misst\u00e4nkt v\u00e5ldt\u00e4kt i \u00d6rebro. Arkivbild. Foto: Christine Olsson\/TT En man&hellip;\n","protected":false},"author":2,"featured_media":122414,"comment_status":"","ping_status":"","sticky":false,"template":"","format":"standard","meta":{"footnotes":""},"categories":[12],"tags":[22,23,26,27,17,21,24,25,28,29,15,16,18,34,31,33,32,30,19,20],"class_list":{"0":"post-122413","1":"post","2":"type-post","3":"status-publish","4":"format-standard","5":"has-post-thumbnail","7":"category-sverige","8":"tag-breaking-news","9":"tag-breakingnews","10":"tag-featured-news","11":"tag-featurednews","12":"tag-headlines","13":"tag-huvudnyheter","14":"tag-latest-news","15":"tag-latestnews","16":"tag-main-news","17":"tag-mainnews","18":"tag-news","19":"tag-nyheter","20":"tag-rubriker","21":"tag-se","22":"tag-svenska","23":"tag-sverige","24":"tag-sweden","25":"tag-swedish","26":"tag-top-stories","27":"tag-topstories"},"share_on_mastodon":{"url":"https:\/\/pubeurope.com\/@se\/115819036276027263","error":""},"_links":{"self":[{"href":"https:\/\/www.europesays.com\/se\/wp-json\/wp\/v2\/posts\/122413","targetHints":{"allow":["GET"]}}],"collection":[{"href":"https:\/\/www.europesays.com\/se\/wp-json\/wp\/v2\/posts"}],"about":[{"href":"https:\/\/www.europesays.com\/se\/wp-json\/wp\/v2\/types\/post"}],"author":[{"embeddable":true,"href":"https:\/\/www.europesays.com\/se\/wp-json\/wp\/v2\/users\/2"}],"replies":[{"embeddable":true,"href":"https:\/\/www.europesays.com\/se\/wp-json\/wp\/v2\/comments?post=122413"}],"version-history":[{"count":0,"href":"https:\/\/www.europesays.com\/se\/wp-json\/wp\/v2\/posts\/122413\/revisions"}],"wp:featuredmedia":[{"embeddable":true,"href":"https:\/\/www.europesays.com\/se\/wp-json\/wp\/v2\/media\/122414"}],"wp:attachment":[{"href":"https:\/\/www.europesays.com\/se\/wp-json\/wp\/v2\/media?parent=122413"}],"wp:term":[{"taxonomy":"category","embeddable":true,"href":"https:\/\/www.europesays.com\/se\/wp-json\/wp\/v2\/categories?post=122413"},{"taxonomy":"post_tag","embeddable":true,"href":"https:\/\/www.europesays.com\/se\/wp-json\/wp\/v2\/tags?post=122413"}],"curies":[{"name":"wp","href":"https:\/\/api.w.org\/{rel}","templated":true}]}}