{"id":122417,"date":"2026-01-01T09:10:08","date_gmt":"2026-01-01T09:10:08","guid":{"rendered":"https:\/\/www.europesays.com\/se\/122417\/"},"modified":"2026-01-01T09:10:08","modified_gmt":"2026-01-01T09:10:08","slug":"polisen-ryckte-ut-till-raketskjutning-i-visby","status":"publish","type":"post","link":"https:\/\/www.europesays.com\/se\/122417\/","title":{"rendered":"Polisen ryckte ut till raketskjutning i Visby"},"content":{"rendered":"<p>P\u00e5 ny\u00e5rskv\u00e4llen kom ett larm till polisen om att en grupp personer ska ha skjutit raketer p\u00e5 en skolg\u00e5rd i s\u00f6dra Visby. Klockan var d\u00e5 21.49 och polisen beskriver det som att de fick \u00e5ka dit och \u201dlugna ner k\u00e4nslorna\u201d.\u2013 Enligt anm\u00e4lan ska raketerna ha varit sj\u00e4lva misshandeln, men det var ingen som beh\u00f6vde upps\u00f6ka sjukv\u00e5rd. Och vi har ingen misst\u00e4nkt, s\u00e4ger Robert Senn<\/p>\n","protected":false},"excerpt":{"rendered":"P\u00e5 ny\u00e5rskv\u00e4llen kom ett larm till polisen om att en grupp personer ska ha skjutit raketer p\u00e5 en&hellip;\n","protected":false},"author":2,"featured_media":122418,"comment_status":"","ping_status":"","sticky":false,"template":"","format":"standard","meta":{"footnotes":""},"categories":[12],"tags":[22,23,26,27,17,21,24,25,28,29,15,16,18,34,31,33,32,30,19,20],"class_list":{"0":"post-122417","1":"post","2":"type-post","3":"status-publish","4":"format-standard","5":"has-post-thumbnail","7":"category-sverige","8":"tag-breaking-news","9":"tag-breakingnews","10":"tag-featured-news","11":"tag-featurednews","12":"tag-headlines","13":"tag-huvudnyheter","14":"tag-latest-news","15":"tag-latestnews","16":"tag-main-news","17":"tag-mainnews","18":"tag-news","19":"tag-nyheter","20":"tag-rubriker","21":"tag-se","22":"tag-svenska","23":"tag-sverige","24":"tag-sweden","25":"tag-swedish","26":"tag-top-stories","27":"tag-topstories"},"share_on_mastodon":{"url":"https:\/\/pubeurope.com\/@se\/115819068002178503","error":""},"_links":{"self":[{"href":"https:\/\/www.europesays.com\/se\/wp-json\/wp\/v2\/posts\/122417","targetHints":{"allow":["GET"]}}],"collection":[{"href":"https:\/\/www.europesays.com\/se\/wp-json\/wp\/v2\/posts"}],"about":[{"href":"https:\/\/www.europesays.com\/se\/wp-json\/wp\/v2\/types\/post"}],"author":[{"embeddable":true,"href":"https:\/\/www.europesays.com\/se\/wp-json\/wp\/v2\/users\/2"}],"replies":[{"embeddable":true,"href":"https:\/\/www.europesays.com\/se\/wp-json\/wp\/v2\/comments?post=122417"}],"version-history":[{"count":0,"href":"https:\/\/www.europesays.com\/se\/wp-json\/wp\/v2\/posts\/122417\/revisions"}],"wp:featuredmedia":[{"embeddable":true,"href":"https:\/\/www.europesays.com\/se\/wp-json\/wp\/v2\/media\/122418"}],"wp:attachment":[{"href":"https:\/\/www.europesays.com\/se\/wp-json\/wp\/v2\/media?parent=122417"}],"wp:term":[{"taxonomy":"category","embeddable":true,"href":"https:\/\/www.europesays.com\/se\/wp-json\/wp\/v2\/categories?post=122417"},{"taxonomy":"post_tag","embeddable":true,"href":"https:\/\/www.europesays.com\/se\/wp-json\/wp\/v2\/tags?post=122417"}],"curies":[{"name":"wp","href":"https:\/\/api.w.org\/{rel}","templated":true}]}}