{"id":122419,"date":"2026-01-01T09:11:06","date_gmt":"2026-01-01T09:11:06","guid":{"rendered":"https:\/\/www.europesays.com\/se\/122419\/"},"modified":"2026-01-01T09:11:06","modified_gmt":"2026-01-01T09:11:06","slug":"vintersport-norske-stjarnan-lamnar-tour-de-ski-vinterstudion-2025-26-nyheter-och-sandningar-svt-nyheter","status":"publish","type":"post","link":"https:\/\/www.europesays.com\/se\/122419\/","title":{"rendered":"Vintersport: Norske stj\u00e4rnan l\u00e4mnar Tour de Ski \u2013 Vinterstudion 2025\/26 \u2013 nyheter och s\u00e4ndningar &#8211; SVT Nyheter"},"content":{"rendered":"<ol>\n<li><a href=\"https:\/\/news.google.com\/rss\/articles\/CBMivAFBVV95cUxNM01XdlF3N3E5MVBsdm5JM3E3eVRXMVdlQXB6TW9Ba0cxenAxdHhPODlpSHRRQi1ObjhxNHBFYm9Wa0VHZE13bmU0QkZPUWFGR3ZqR3pfbm1RNWYtMXhpSjJsd1BvdVF3WC12aXk5Z1VzTTBFeXVGc3RGOUV4YmhaOXc2YWRyWmQ4SnQ0ZENBMUUwaWlwVGpxOWR2SzVnWEJDWnRlUXpaek1sb00wcEFvcGgycnBnbkFzaTZ6MA?oc=5\" target=\"_blank\" rel=\"nofollow noopener\">Vintersport: Norske stj\u00e4rnan l\u00e4mnar Tour de Ski \u2013 Vinterstudion 2025\/26 \u2013 nyheter och s\u00e4ndningar<\/a>&nbsp;&nbsp;SVT Nyheter<\/li>\n<li><a href=\"https:\/\/news.google.com\/rss\/articles\/CBMie0FVX3lxTE1HSDJqVlllMzRkSzJaVXg2M0toTTIzZjlESF9rNXYxenVqTGlINHNOcTF0ZV85ckthVXgyZVVzcUl5M21xZEhtT3REZjdJSXpPdkhEUWpLa09pMy1pT1E1WkN1WHF3ZUpPSDJkYmFlcEtxclBDZjBMQ2VSdw?oc=5\" target=\"_blank\" rel=\"nofollow noopener\">L\u00e4ngdskidor: Beskedet: Norska stj\u00e4rnan l\u00e4mnar Tour de Ski<\/a>&nbsp;&nbsp;SVT Nyheter<\/li>\n<li><a href=\"https:\/\/news.google.com\/rss\/articles\/CBMihwFBVV95cUxOT3l5VVFwWHM2UGpPd25nNE1jNkNrVUk4MzFCMElzT0g4SkNPX0dRSndCYzVjWXhONUdLbDJXX1RwSmItdWxYMXIwN1hOTzgyQ19LclhRQmw5aHhnSVNiZXZEazhoaU9sUEhJTkpKakhPQjNwTEs4LTlGWHZUUlFMcDJRUlZPNzA?oc=5\" target=\"_blank\" rel=\"nofollow noopener\">Avbryter Tour de ski<\/a>&nbsp;&nbsp;Expressen<\/li>\n<li><a href=\"https:\/\/news.google.com\/rss\/articles\/CBMinAFBVV95cUxQMzFUeWc2aGsyeDhscHlUVlEtczFUZ2pKNEo5U3JPUm5hMExpMDl3TF9JWmx5OHRRZnRqQWw2dlF3bzJKUU1xOG1jRzVwQ0ZxdGZuVWhtTk43RjFTT0QtdUdnakdlVFI5My11anZMYUlOY09MUV9BbHluQ2diY2FPZ1pNY2xQREg0RGd5enE2RGdiREJMcHJXZ2VheVE?oc=5\" target=\"_blank\" rel=\"nofollow noopener\">Norska stj\u00e4rnan l\u00e4mnar Tour de Ski<\/a>&nbsp;&nbsp;Aftonbladet<\/li>\n<li><a href=\"https:\/\/news.google.com\/rss\/articles\/CBMimwFBVV95cUxNSWFydVVvUzVEMHp5RGh3UnJ2M1dtRjFxVWdlVnZya3l0Z1FQM3BESXdoNmJrSmZ1MjFLTmJPemtOMkVsX0ktNWNpODVfRnR1UFNBQUQwTG5aS0lRUVBLdnJhRjdNSE8xOTFNTFZEOVh1akxwRUpKT0txWVBTZUsxNG5WMkNvaFpOX1diN2lsOTcyQXl0dTJJSkhjZw?oc=5\" target=\"_blank\" rel=\"nofollow noopener\">Sjuk Lotta Udnes Weng drar sig ur Tour de Ski<\/a>&nbsp;&nbsp;MSN<\/li>\n<\/ol>\n","protected":false},"excerpt":{"rendered":"Vintersport: Norske stj\u00e4rnan l\u00e4mnar Tour de Ski \u2013 Vinterstudion 2025\/26 \u2013 nyheter och s\u00e4ndningar&nbsp;&nbsp;SVT Nyheter L\u00e4ngdskidor: Beskedet: Norska&hellip;\n","protected":false},"author":2,"featured_media":64748,"comment_status":"","ping_status":"","sticky":false,"template":"","format":"standard","meta":{"footnotes":""},"categories":[5],"tags":[22,23,26,27,17,21,24,25,28,29,15,16,18,34,31,33,32,30,19,20],"class_list":{"0":"post-122419","1":"post","2":"type-post","3":"status-publish","4":"format-standard","5":"has-post-thumbnail","7":"category-rubriker","8":"tag-breaking-news","9":"tag-breakingnews","10":"tag-featured-news","11":"tag-featurednews","12":"tag-headlines","13":"tag-huvudnyheter","14":"tag-latest-news","15":"tag-latestnews","16":"tag-main-news","17":"tag-mainnews","18":"tag-news","19":"tag-nyheter","20":"tag-rubriker","21":"tag-se","22":"tag-svenska","23":"tag-sverige","24":"tag-sweden","25":"tag-swedish","26":"tag-top-stories","27":"tag-topstories"},"share_on_mastodon":{"url":"https:\/\/pubeurope.com\/@se\/115819071562485341","error":""},"_links":{"self":[{"href":"https:\/\/www.europesays.com\/se\/wp-json\/wp\/v2\/posts\/122419","targetHints":{"allow":["GET"]}}],"collection":[{"href":"https:\/\/www.europesays.com\/se\/wp-json\/wp\/v2\/posts"}],"about":[{"href":"https:\/\/www.europesays.com\/se\/wp-json\/wp\/v2\/types\/post"}],"author":[{"embeddable":true,"href":"https:\/\/www.europesays.com\/se\/wp-json\/wp\/v2\/users\/2"}],"replies":[{"embeddable":true,"href":"https:\/\/www.europesays.com\/se\/wp-json\/wp\/v2\/comments?post=122419"}],"version-history":[{"count":0,"href":"https:\/\/www.europesays.com\/se\/wp-json\/wp\/v2\/posts\/122419\/revisions"}],"wp:featuredmedia":[{"embeddable":true,"href":"https:\/\/www.europesays.com\/se\/wp-json\/wp\/v2\/media\/64748"}],"wp:attachment":[{"href":"https:\/\/www.europesays.com\/se\/wp-json\/wp\/v2\/media?parent=122419"}],"wp:term":[{"taxonomy":"category","embeddable":true,"href":"https:\/\/www.europesays.com\/se\/wp-json\/wp\/v2\/categories?post=122419"},{"taxonomy":"post_tag","embeddable":true,"href":"https:\/\/www.europesays.com\/se\/wp-json\/wp\/v2\/tags?post=122419"}],"curies":[{"name":"wp","href":"https:\/\/api.w.org\/{rel}","templated":true}]}}