{"id":122423,"date":"2026-01-01T09:18:07","date_gmt":"2026-01-01T09:18:07","guid":{"rendered":"https:\/\/www.europesays.com\/se\/122423\/"},"modified":"2026-01-01T09:18:07","modified_gmt":"2026-01-01T09:18:07","slug":"sverige-maste-skala-upp-affarsbistandet","status":"publish","type":"post","link":"https:\/\/www.europesays.com\/se\/122423\/","title":{"rendered":"Sverige m\u00e5ste skala upp aff\u00e4rsbist\u00e5ndet."},"content":{"rendered":"<p><strong>Om aff\u00e4ren g\u00e5r<\/strong> i l\u00e5s skulle det inte bara vara en framg\u00e5ng f\u00f6r Ludvika utan ocks\u00e5 f\u00f6r den svenska bist\u00e5ndspolitiken, som numer vill g\u00f6ra kopplingen mellan handel och v\u00e4lst\u00e5nd tydligare. Vad som i slut\u00e4ndan kan bli avg\u00f6rande \u00e4r Hitachis anv\u00e4ndning av regeringens nya bist\u00e5ndstyp, det s\u00e5 kallade aff\u00e4rsbist\u00e5ndet.<\/p>\n<p>Det inneb\u00e4r att staten kan delfinansiera projekt som g\u00f6r nytta i bist\u00e5ndsl\u00e4nder. Bist\u00e5nd kan d\u00e5 kombineras med exportkrediter och garantier till svenska f\u00f6retag. Det kan till exempel g\u00e4lla projekt inom transport, telekom eller infrastruktur. Regeringen har avsatt 5 miljarder kronor i bidrag, f\u00f6rdelat p\u00e5 fem \u00e5r.<\/p>\n<p>Om Hitachi vinner skulle det vara en m\u00e4rkesh\u00e4ndelse. Det h\u00f6r till ovanligheterna att bolag som inte \u00e4r kinesiska tilldelas uppdrag av den h\u00e4r storleken i Afrika. Relationen mellan Kina och Mo\u00e7ambique har d\u00e4rtill varit mycket stark.<\/p>\n<p><strong>V\u00e5ra tv\u00e5 l\u00e4nder<\/strong> och v\u00e5ra folk \u00e4r som br\u00f6der, konstaterade landets president Daniel Francisco Chapo i h\u00f6stas och syftade p\u00e5 Kina. Tack vare omfattande kinesiska subventioner har den stora Maputo\u2013Katembe-bron byggts, den toppmoderna Xai-Xai-flygplatsen \u00f6ppnats och ett praktfullt kulturcenter vid huvudstadens paradgata invigts.\u00a0<\/p>\n<blockquote class=\"quote\"><p>Medan Peking har st\u00e4rkt sitt inflytande, har v\u00e4stv\u00e4rldens minskat. <\/p><\/blockquote>\n<p>Bakom den kinesiska dominansen finns en uttalad strategi som g\u00e5r tillbaka till 1989 och Jiang Zemins utn\u00e4mning till generalsekreterare f\u00f6r Kinas kommunistiska parti. Under de 13 \u00e5r Jiang Zemin satt vid makten spelade han en central roll i att f\u00f6rb\u00e4ttra omv\u00e4rldens \u2013 och i synnerhet afrikanska l\u00e4nders \u2013 bild av Kina. Ett arbete som har f\u00e5tt resultat.<\/p>\n<p>Det finns flera sk\u00e4l till att l\u00e4nder konkurrerar om inflytande i Afrika. Den f\u00f6rsta \u00e4r tillg\u00e5ngen till det som beh\u00f6vs f\u00f6r elbilar, f\u00f6rsvarsindustrin och solpaneler: s\u00e4llsynta jordartsmetaller. Afrika har enligt uppskattningar 30 procent av v\u00e4rldens reserver av bland annat kobolt, litium, grafit och mangan. Kina dominerar den globala f\u00f6r\u00e4dlingen av mineraler och har \u00e5terkommande hotat med att begr\u00e4nsa exporten till omv\u00e4rlden.<\/p>\n<p><strong>En annan anledning<\/strong> \u00e4r demografin. Kontinentens 1,3 miljarder inv\u00e5nare f\u00f6rv\u00e4ntas dubbleras till 2050 samtidigt som f\u00f6delsetalen i omv\u00e4rlden sjunker. Med en stor befolkning kommer \u00e4ven politisk makt.<\/p>\n<p>Medan Peking har st\u00e4rkt sitt inflytande, har v\u00e4stv\u00e4rldens minskat.\u00a0<\/p>\n<p>EU har f\u00f6rvisso b\u00f6rjat inse vikten av Afrika och kommissionsordf\u00f6rande Ursula von der Leyen har tagit initiativ till att f\u00f6rdjupa b\u00e5de multilaterala och bilaterala samarbeten. Men det har hittills inte gett n\u00e5got m\u00e4rkbart resultat. Europa tyngs ocks\u00e5 av sitt koloniala f\u00f6rflutna. F\u00f6rs\u00f6ken att f\u00f6rb\u00e4ttra relationer hj\u00e4lps inte heller av att vi har en amerikansk president som har anklagat Sydafrika f\u00f6r att beg\u00e5 folkmord mot vita sydafrikaner, afrikaaner, och som i f\u00f6rra m\u00e5naden kallade somalier f\u00f6r \u201dgarbage\u201d.<\/p>\n<blockquote class=\"quote\"><p>Vinner de upphandlingen inneb\u00e4r det inte bara v\u00e4lst\u00e5nd till n\u00e4romr\u00e5det och int\u00e4kter till Ludvika.<\/p><\/blockquote>\n<p><strong>Det beh\u00f6ver inte<\/strong> vara d\u00e5ligt att Kina investerar i Afrika, \u00e4ven om det oftast sker av maktpolitiska sk\u00e4l snarare \u00e4n av humanit\u00e4ra drivkrafter. Med Maputo\u2013Katembe-bron har livet exempelvis blivit betydligt enklare f\u00f6r hundratusentals inv\u00e5nare. I st\u00e4llet f\u00f6r att v\u00e4nta i timmar p\u00e5 en b\u00e5t kan de nu ta bilen \u00f6ver bron. Resan tar nu bara n\u00e5gra minuter.<\/p>\n<p>Investeringarna \u00e4r dock oftast villkorade. \u00c4ven om det \u00e4r omtvistat finns exempel p\u00e5 att mottagarl\u00e4nder hamnar i s\u00e5 stora skuldf\u00e4llor att de tvingas l\u00e4mna \u00f6ver hamnar eller flygplatser som betalning.<\/p>\n<p>Hitachis potentiella miljardaff\u00e4r \u00e4r d\u00e4rf\u00f6r en ljusglimt. Vinner de upphandlingen inneb\u00e4r det inte bara v\u00e4lst\u00e5nd till n\u00e4romr\u00e5det och int\u00e4kter till Ludvika. Det visar att loppet om inflytande i Afrika inte \u00e4r avgjort.\u00a0<\/p>\n<p><strong>Tack vare Jiang<\/strong> Zemin har Kina ett 37-\u00e5rigt f\u00f6rspr\u00e5ng n\u00e4r det g\u00e4ller relationen till l\u00e4nder i Afrika. Men med aff\u00e4rsbist\u00e5ndet har regeringen hittat ett s\u00e4tt att motverka att f\u00f6rspr\u00e5nget \u00f6kar. Det \u00e4r v\u00e4gen fram\u00e5t f\u00f6r det svenska bist\u00e5ndet och n\u00e5got vi b\u00f6r skala upp.<\/p>\n","protected":false},"excerpt":{"rendered":"Om aff\u00e4ren g\u00e5r i l\u00e5s skulle det inte bara vara en framg\u00e5ng f\u00f6r Ludvika utan ocks\u00e5 f\u00f6r den&hellip;\n","protected":false},"author":2,"featured_media":122424,"comment_status":"","ping_status":"","sticky":false,"template":"","format":"standard","meta":{"footnotes":""},"categories":[12],"tags":[22,23,26,27,17,21,24,25,28,29,15,16,18,34,31,33,32,30,19,20],"class_list":{"0":"post-122423","1":"post","2":"type-post","3":"status-publish","4":"format-standard","5":"has-post-thumbnail","7":"category-sverige","8":"tag-breaking-news","9":"tag-breakingnews","10":"tag-featured-news","11":"tag-featurednews","12":"tag-headlines","13":"tag-huvudnyheter","14":"tag-latest-news","15":"tag-latestnews","16":"tag-main-news","17":"tag-mainnews","18":"tag-news","19":"tag-nyheter","20":"tag-rubriker","21":"tag-se","22":"tag-svenska","23":"tag-sverige","24":"tag-sweden","25":"tag-swedish","26":"tag-top-stories","27":"tag-topstories"},"share_on_mastodon":{"url":"https:\/\/pubeurope.com\/@se\/115819099155653598","error":""},"_links":{"self":[{"href":"https:\/\/www.europesays.com\/se\/wp-json\/wp\/v2\/posts\/122423","targetHints":{"allow":["GET"]}}],"collection":[{"href":"https:\/\/www.europesays.com\/se\/wp-json\/wp\/v2\/posts"}],"about":[{"href":"https:\/\/www.europesays.com\/se\/wp-json\/wp\/v2\/types\/post"}],"author":[{"embeddable":true,"href":"https:\/\/www.europesays.com\/se\/wp-json\/wp\/v2\/users\/2"}],"replies":[{"embeddable":true,"href":"https:\/\/www.europesays.com\/se\/wp-json\/wp\/v2\/comments?post=122423"}],"version-history":[{"count":0,"href":"https:\/\/www.europesays.com\/se\/wp-json\/wp\/v2\/posts\/122423\/revisions"}],"wp:featuredmedia":[{"embeddable":true,"href":"https:\/\/www.europesays.com\/se\/wp-json\/wp\/v2\/media\/122424"}],"wp:attachment":[{"href":"https:\/\/www.europesays.com\/se\/wp-json\/wp\/v2\/media?parent=122423"}],"wp:term":[{"taxonomy":"category","embeddable":true,"href":"https:\/\/www.europesays.com\/se\/wp-json\/wp\/v2\/categories?post=122423"},{"taxonomy":"post_tag","embeddable":true,"href":"https:\/\/www.europesays.com\/se\/wp-json\/wp\/v2\/tags?post=122423"}],"curies":[{"name":"wp","href":"https:\/\/api.w.org\/{rel}","templated":true}]}}