{"id":122428,"date":"2026-01-01T09:26:20","date_gmt":"2026-01-01T09:26:20","guid":{"rendered":"https:\/\/www.europesays.com\/se\/122428\/"},"modified":"2026-01-01T09:26:20","modified_gmt":"2026-01-01T09:26:20","slug":"sa-fangas-helheten-i-orlanders-utredning","status":"publish","type":"post","link":"https:\/\/www.europesays.com\/se\/122428\/","title":{"rendered":"S\u00e5 f\u00e5ngas helheten i \u00d6rlanders utredning"},"content":{"rendered":"<p>Det h\u00e4r \u00e4r en ledarartikel skriven av Land Lantbruks ledarskribenter. Land Lantbruk \u00e4r LRFs medlemstidning och partipolitiskt obunden.<\/p>\n<p>Tiden \u00e4r knapp men regeringen f\u00f6rs\u00e4krar att propositionen om en ny skogspolitik \u00e4r p\u00e5 g\u00e5ng och att riksdagen fattar beslut f\u00f6re valet. Det \u00e4r utm\u00e4rkta besked. Nu g\u00e4ller det att helheten i G\u00f6ran \u00d6rlanders utredning f\u00e5ngas upp. Det duger inte att plocka russinen ur kakan. D\u00e5 riskerar det hela att malas s\u00f6nder i valr\u00f6relsen. Det var vid en konferens med Nationella skogsprogrammet som statssekreterare Daniel Liljeberg lovade att propositionen l\u00e4ggs i mars. Han uttryckte sig s\u00e5 h\u00e4r: \u201dSenast det var en skogspolitisk reform av den h\u00e4r magnituden var 1993. Det \u00e4r det st\u00f6rsta som har h\u00e4nt p\u00e5 32 \u00e5r.\u201d Det \u00e4r inte d\u00e5ligt med tanke p\u00e5 att vi under de \u00e5ren g\u00e5tt med i EU och genomf\u00f6rt tv\u00e5 skogsutredningar. F\u00f6rst var det Maggie Mikaelsson. Hon framh\u00f6ll att produktionen kan \u00f6ka med 30\u201350 procent och ville ha ett konkret produktionsm\u00e5l. Det blev inte mycket av den varan.<\/p>\n<p>D\u00e4refter f\u00f6ljde 2019 \u00e5rs utredning. Mest minns vi den kanske f\u00f6r f\u00f6rslaget om ett v\u00e4ldigt fj\u00e4lln\u00e4ra reservat. Inte heller den utredningen gav n\u00e5got djupt avtryck. Det h\u00e4r st\u00e4mmer till eftertanke. Risken \u00e4r uppenbar f\u00f6r att utredningar sjunker ihop som en misslyckad suffl\u00e9 om de inte v\u00e4rnas av politikerna. Manegen \u00e4r krattad f\u00f6r att det nu kan bli annorlunda. Utredningen \u00e4r helt\u00e4ckande. Lite f\u00f6renklat kan man beskriva det som att d\u00f6rren \u00f6ppnas till en kurs i det fina \u00e4mnet skogssk\u00f6tsel. Med st\u00f6d av forskning och vetenskap uppmuntras skogs\u00e4garna att aktivt utveckla skogsbruket till fromma f\u00f6r milj\u00f6 och produktion. Skogsstyrelsen medverkar med r\u00e5dgivning och resultaten ska vara m\u00e4tbara. F\u00f6rslagen handlar f\u00f6rst\u00e5s om mer. F\u00f6rhoppningsvis blir det tydligare regler, mindre kr\u00e5ngel och roligare att utveckla skogen.<\/p>\n<p>Det \u00e4r i alla fall visionen men det \u00e4r faktiskt oklart hur mycket regeringen planerar att ta upp i propositionen. L\u00e5t vara att tiden \u00e4r knapp men p\u00e5 n\u00e5got s\u00e4tt m\u00e5ste man knyta ihop s\u00e4cken om helheten. Vi beh\u00f6ver inte fler utredningar och fr\u00e5gor som blir h\u00e4ngande i luften. Alla bitarna kommer inte p\u00e5 plats med en g\u00e5ng, en hel del beh\u00f6ver f\u00f6rtydligas och kompletteras. Det kr\u00e4vs ett bra politiskt handlag, b\u00e5de i propositionen och i hanteringen i utskottet, f\u00f6r att \u00e4nd\u00e5 f\u00e5nga in och l\u00e5sa fast helheten.<\/p>\n<p>Dessutom k\u00e4nns det angel\u00e4get att v\u00e4ga in beredskapsperspektivet i propositionen. H\u00e4r beh\u00f6vs mer fotarbete men formuleringarna och viljeinriktningen i propositionen \u00e4r betydelsefulla f\u00f6r att landa r\u00e4tt.<\/p>\n<p>En hel del har f\u00f6ruts\u00e4ttningar f\u00f6r att bli bra. En del l\u00e4r bli d\u00e5ligt. D\u00e5 f\u00e5r vi leva med det, bara spelreglerna p\u00e5 det hela taget blir tydliga och inspirerande.<\/p>\n","protected":false},"excerpt":{"rendered":"Det h\u00e4r \u00e4r en ledarartikel skriven av Land Lantbruks ledarskribenter. Land Lantbruk \u00e4r LRFs medlemstidning och partipolitiskt obunden.&hellip;\n","protected":false},"author":2,"featured_media":122429,"comment_status":"","ping_status":"","sticky":false,"template":"","format":"standard","meta":{"footnotes":""},"categories":[12],"tags":[22,23,26,27,17,21,24,25,28,29,15,16,18,34,31,33,32,30,19,20],"class_list":{"0":"post-122428","1":"post","2":"type-post","3":"status-publish","4":"format-standard","5":"has-post-thumbnail","7":"category-sverige","8":"tag-breaking-news","9":"tag-breakingnews","10":"tag-featured-news","11":"tag-featurednews","12":"tag-headlines","13":"tag-huvudnyheter","14":"tag-latest-news","15":"tag-latestnews","16":"tag-main-news","17":"tag-mainnews","18":"tag-news","19":"tag-nyheter","20":"tag-rubriker","21":"tag-se","22":"tag-svenska","23":"tag-sverige","24":"tag-sweden","25":"tag-swedish","26":"tag-top-stories","27":"tag-topstories"},"share_on_mastodon":{"url":"https:\/\/pubeurope.com\/@se\/115819130620043963","error":""},"_links":{"self":[{"href":"https:\/\/www.europesays.com\/se\/wp-json\/wp\/v2\/posts\/122428","targetHints":{"allow":["GET"]}}],"collection":[{"href":"https:\/\/www.europesays.com\/se\/wp-json\/wp\/v2\/posts"}],"about":[{"href":"https:\/\/www.europesays.com\/se\/wp-json\/wp\/v2\/types\/post"}],"author":[{"embeddable":true,"href":"https:\/\/www.europesays.com\/se\/wp-json\/wp\/v2\/users\/2"}],"replies":[{"embeddable":true,"href":"https:\/\/www.europesays.com\/se\/wp-json\/wp\/v2\/comments?post=122428"}],"version-history":[{"count":0,"href":"https:\/\/www.europesays.com\/se\/wp-json\/wp\/v2\/posts\/122428\/revisions"}],"wp:featuredmedia":[{"embeddable":true,"href":"https:\/\/www.europesays.com\/se\/wp-json\/wp\/v2\/media\/122429"}],"wp:attachment":[{"href":"https:\/\/www.europesays.com\/se\/wp-json\/wp\/v2\/media?parent=122428"}],"wp:term":[{"taxonomy":"category","embeddable":true,"href":"https:\/\/www.europesays.com\/se\/wp-json\/wp\/v2\/categories?post=122428"},{"taxonomy":"post_tag","embeddable":true,"href":"https:\/\/www.europesays.com\/se\/wp-json\/wp\/v2\/tags?post=122428"}],"curies":[{"name":"wp","href":"https:\/\/api.w.org\/{rel}","templated":true}]}}