{"id":122430,"date":"2026-01-01T09:27:06","date_gmt":"2026-01-01T09:27:06","guid":{"rendered":"https:\/\/www.europesays.com\/se\/122430\/"},"modified":"2026-01-01T09:27:06","modified_gmt":"2026-01-01T09:27:06","slug":"ett-land-utan-skog-ar-ett-halvt-land-lrf-jonkoping","status":"publish","type":"post","link":"https:\/\/www.europesays.com\/se\/122430\/","title":{"rendered":"&#8221;Ett land utan skog \u00e4r ett halvt land.&#8221; \u2013 LRF J\u00f6nk\u00f6ping"},"content":{"rendered":"<p class=\"preamble large\">Johan Nyman \u00e4r vice ordf\u00f6rande i regionstyrelsen f\u00f6r LRF J\u00f6nk\u00f6ping och har ansvar f\u00f6r skogsfr\u00e5gorna. I \u00e5rets f\u00f6rsta kr\u00f6nika reflekterar han \u00f6ver hur m\u00e5nga av oss som skogen p\u00e5verkar, och hur viktig fr\u00e5gan \u00e4r p\u00e5 alla niv\u00e5er. <\/p>\n<p>                        LRF i skogen.<\/p>\n<p>Landet som vi lever i \u00e4r till h\u00e4lften t\u00e4kt av skog. Man skulle ocks\u00e5 kunna s\u00e4ga att LRFs medlemmar best\u00e5r till stora delar av skog eftersom de flesta av medlemmarna \u00e4ger skog \u00e4ven om den kanske inte utg\u00f6r den prim\u00e4ra verksamheten. Bland ickemedlemmarna p\u00e5 landsbygden, eller om vi v\u00e4ljer att kalla dem potentiella medlemmar, s\u00e5 \u00e4r skogs\u00e4gandet allm\u00e4nt.<\/p>\n<p>N\u00e4r LRF med j\u00e4mna mellanrum st\u00e4ller fr\u00e5gan till medlemmarna om vilka fr\u00e5gor som \u00e4r viktiga att jobba med \u00e4r i princip alltid skogen med p\u00e5 listan. St\u00e4lls fr\u00e5gan ut\u00e5t till de potentiella medlemmarna s\u00e5 svarar man ofta att man tycker att skogsfr\u00e5gan \u00e4r viktig. F\u00f6ljer man olika debattsidor finner man ocks\u00e5 ganska snart att skogen \u00e4r ett viktigt \u00e4mne. Politiken \u00e4r inte heller sen p\u00e5 bollen vad det g\u00e4ller att samla politiska po\u00e4ng i skogen. Visserligen g\u00e5r \u00e5sikterna om hur skogen b\u00e4st f\u00f6rvaltas is\u00e4r kraftigt beroende p\u00e5 vilket parti som yttrar sig men \u00e5terigen s\u00e5 finns intresset d\u00e4r.\u00a0<\/p>\n<p>F\u00f6r val\u00e5ret 2026 har skogen pekats ut som prioriterat \u00e4mne i p\u00e5verkansarbetet f\u00f6r LRF. Det inneb\u00e4r att vi i alla m\u00f6ten med politiker och beslutsfattare ska prioritera att prata om skog och skogs\u00e4garnas villkor. Skogsfr\u00e5gan hanteras oftast utifr\u00e5n ett brukander\u00e4ttsperspektiv, d\u00e4r just brukander\u00e4tten \u00e4r en garant f\u00f6r ett l\u00e5ngsiktigt och h\u00e5llbart skogsbruk. Skogsbruket ska ocks\u00e5 lyftas som ett grundfundament f\u00f6r den svenska ekonomin och dess gr\u00f6na omst\u00e4llning.<\/p>\n<p>Allt borde vara enkelt. Intresset finns och vi har l\u00f6sningarna, vad kan g\u00e5 fel? Jo det finns tyv\u00e4rr en brist i v\u00e5r organisation och den stavas SAMVERKAN. Jag upplever ofta i mitt arbete med skogsfr\u00e5gorna en ensamhet. Runt om i landet finns f\u00f6rtroendevalda med samma uppgift som jag men vi har d\u00e5lig eller obefintlig kontakt. Om vi hade varit b\u00e4ttre sammanfl\u00e4tade hade arbetet f\u00f6rmodligen g\u00e5tt l\u00e4ttare och b\u00e4ttre fram\u00e5t. En gemenskap mellan f\u00f6rtroendevalda och tj\u00e4nstepersoner skulle ge en \u00f6ka trygghet i skogsfr\u00e5gorna, ett stabilare underlag f\u00f6r olika beslut och ett gediget kunskapsutbyte.<\/p>\n<p>Vi skulle inom LRF beh\u00f6va organiseras oss och dra upp riktlinjer och gemensam strategier f\u00f6r det regionala arbetet f\u00f6r att f\u00e5 en b\u00e4ttre enad front ut\u00e5t. Givetvis i samf\u00f6rst\u00e5nd med riksf\u00f6rbundsstyrelsen och LRF skogs\u00e4garna. Det enda som beh\u00f6vs \u00e4r att n\u00e5gon tar initiativet och n\u00e5gon kan vara vem som helst, \u00e4ven jag.<\/p>\n<p>Jag hoppas att vi under 2026 f\u00e5r arbeta med skogsfr\u00e5gorna internt och inte minst med medlemsfr\u00e5gan kopplat till skogen. Kan en tydligare profilering attrahera nya medlemmar ute i skogslandet Sverige? Ett land utan skog \u00e4r ett halvt land. Ett LRF utan skog \u00e4r inget LRF.<\/p>\n<p><strong>Johan Nyman<\/strong><br \/><strong>Regionstyrelsen LRF J\u00f6nk\u00f6ping<\/strong><\/p>\n","protected":false},"excerpt":{"rendered":"Johan Nyman \u00e4r vice ordf\u00f6rande i regionstyrelsen f\u00f6r LRF J\u00f6nk\u00f6ping och har ansvar f\u00f6r skogsfr\u00e5gorna. I \u00e5rets f\u00f6rsta&hellip;\n","protected":false},"author":2,"featured_media":122431,"comment_status":"","ping_status":"","sticky":false,"template":"","format":"standard","meta":{"footnotes":""},"categories":[5],"tags":[22,23,26,27,17,21,24,25,28,29,15,16,18,34,31,33,32,30,19,20],"class_list":{"0":"post-122430","1":"post","2":"type-post","3":"status-publish","4":"format-standard","5":"has-post-thumbnail","7":"category-rubriker","8":"tag-breaking-news","9":"tag-breakingnews","10":"tag-featured-news","11":"tag-featurednews","12":"tag-headlines","13":"tag-huvudnyheter","14":"tag-latest-news","15":"tag-latestnews","16":"tag-main-news","17":"tag-mainnews","18":"tag-news","19":"tag-nyheter","20":"tag-rubriker","21":"tag-se","22":"tag-svenska","23":"tag-sverige","24":"tag-sweden","25":"tag-swedish","26":"tag-top-stories","27":"tag-topstories"},"share_on_mastodon":{"url":"https:\/\/pubeurope.com\/@se\/115819134405494569","error":""},"_links":{"self":[{"href":"https:\/\/www.europesays.com\/se\/wp-json\/wp\/v2\/posts\/122430","targetHints":{"allow":["GET"]}}],"collection":[{"href":"https:\/\/www.europesays.com\/se\/wp-json\/wp\/v2\/posts"}],"about":[{"href":"https:\/\/www.europesays.com\/se\/wp-json\/wp\/v2\/types\/post"}],"author":[{"embeddable":true,"href":"https:\/\/www.europesays.com\/se\/wp-json\/wp\/v2\/users\/2"}],"replies":[{"embeddable":true,"href":"https:\/\/www.europesays.com\/se\/wp-json\/wp\/v2\/comments?post=122430"}],"version-history":[{"count":0,"href":"https:\/\/www.europesays.com\/se\/wp-json\/wp\/v2\/posts\/122430\/revisions"}],"wp:featuredmedia":[{"embeddable":true,"href":"https:\/\/www.europesays.com\/se\/wp-json\/wp\/v2\/media\/122431"}],"wp:attachment":[{"href":"https:\/\/www.europesays.com\/se\/wp-json\/wp\/v2\/media?parent=122430"}],"wp:term":[{"taxonomy":"category","embeddable":true,"href":"https:\/\/www.europesays.com\/se\/wp-json\/wp\/v2\/categories?post=122430"},{"taxonomy":"post_tag","embeddable":true,"href":"https:\/\/www.europesays.com\/se\/wp-json\/wp\/v2\/tags?post=122430"}],"curies":[{"name":"wp","href":"https:\/\/api.w.org\/{rel}","templated":true}]}}