{"id":122432,"date":"2026-01-01T09:31:03","date_gmt":"2026-01-01T09:31:03","guid":{"rendered":"https:\/\/www.europesays.com\/se\/122432\/"},"modified":"2026-01-01T09:31:03","modified_gmt":"2026-01-01T09:31:03","slug":"dags-att-dela-ut-arets-sista-varldscuppoang","status":"publish","type":"post","link":"https:\/\/www.europesays.com\/se\/122432\/","title":{"rendered":"Dags att dela ut \u00e5rets sista v\u00e4rldscuppo\u00e4ng"},"content":{"rendered":"<p>Traditionsenligt delas \u00e5rets sista v\u00e4rldscuppo\u00e4ng ut i belgiska Mechelen i mellandagarna. P\u00e5 tisdagen rids v\u00e4rldscupen i hoppning med en grundomg\u00e5ng f\u00f6ljt av omhoppning \u00f6ver 1,60-hinder.<\/p>\n<p>Klassen har 40 startande, varav tv\u00e5 svenska, och f\u00f6rsta startande rider in i arenan kl 15.00. Klassen kan f\u00f6ljas p\u00e5 flera s\u00e4tt, bland annat via liverapporteringen h\u00e4r hos Ridsport.<\/p>\n<p>Svenskarnas startnummer:<\/p>\n<p><strong>Petronella Andersson\/Opaline de W&amp;S<\/strong> \u2013 startnummer 4<br \/><strong>Marcus Westergren\/Airco de L Esprit Z<\/strong> \u2013 startnummer 11<\/p>\n<p>Marcus Westergren ska nu rida sin f\u00f6rsta femstj\u00e4rniga v\u00e4rldscup. <br \/>Petronella Andersson har f\u00e5tt en fin uppladdning inf\u00f6r klassen. I s\u00f6ndags tog hon en fin placering med Opaline i en 1,50-klass med tufft motst\u00e5nd. P\u00e5 m\u00e5ndagskv\u00e4llen vann hon dessutom Mechelens 5* Grand Prix med <strong>Odina van Klapscheut<\/strong>.<\/p>\n<p><a href=\"https:\/\/jumping-mechelen.com\/\" target=\"_blank\" rel=\"noreferrer noopener nofollow\">Arrang\u00f6rens hemsida<\/a><br \/><a href=\"https:\/\/www.longinestiming.com\/equestrian\/2025\/jumping-mechelen-mechelen\" target=\"_blank\" rel=\"noreferrer noopener nofollow\">Startlistor och resultat<\/a><br \/><a href=\"https:\/\/www.svtplay.se\/video\/jxgpm3M\/ridsport-varldscupen\/mechelen\" target=\"_blank\" rel=\"noreferrer noopener nofollow\">SVT Sport s\u00e4nder live<\/a><br \/><a href=\"https:\/\/www.clipmyhorse.tv\/sv_SE\/events\/15938\/fei-world-cuptm-jumping-dressage-driving-2025-2026-i-wel-mechelen\" target=\"_blank\" rel=\"noreferrer noopener nofollow\">FEI-tv\/ClipMyHorse s\u00e4nder live<\/a><\/p>\n<p>Alltid uppdaterad! Prenumerera gratis p\u00e5 Ridsports nyhetsbrev.H\u00e4r rids v\u00e4rldscupen i hoppning 2025\/2026<\/p>\n<ul class=\"wp-block-list\">\n<li>Oslo 15-19 oktober<\/li>\n<li>Lyon 28 oktober \u2013 2 november<\/li>\n<li>Verona 6-9 november<\/li>\n<li>Stuttgart 12-16 november<\/li>\n<li>A Coru\u00f1a 5-7 december<\/li>\n<li>London 17-22 december<\/li>\n<li>Mechelen 26-30 december<\/li>\n<li>Basel 8-11 januari<\/li>\n<li>Leipzig 14-18 januari<\/li>\n<li>Amsterdam 22-25 januari<\/li>\n<li>Bordeaux 5-8 februari<\/li>\n<li>G\u00f6teborg 18-22 februari<\/li>\n<li>Helsingfors 26 februari-1 mars<\/li>\n<li><strong>Final:<\/strong>\u00a0Fort Worth, Texas USA 8-12 april<\/li>\n<\/ul>\n<p>S\u00e5 g\u00e5r det till<\/p>\n<p>V\u00e4rldscupen best\u00e5r av totalt 14 ligor. Sverige tillh\u00f6r den v\u00e4steuropeiska ligan (Western European League), som \u00e4r den liga som har flest platser i finalen. 18 ryttare fr\u00e5n den V\u00e4steuropeiska ligan g\u00e5r till finalen i Fort Worth, Texas, USA som avg\u00f6rs den 8-12 april 2026.<\/p>\n<p>Varje omg\u00e5ng i v\u00e4steuropeiska ligan rids i femstj\u00e4rnig 1,60-hoppning med omhoppning.\u00a0<\/p>\n<p>De 16 b\u00e4sta ekipagen i varje omg\u00e5ng f\u00e5r po\u00e4ng till totalst\u00e4llningen. 20 po\u00e4ng till vinnaren, 17 po\u00e4ng till tv\u00e5an, 15 till trean, 13 till fyran och sedan i fallande skala ner till sextonde plats. Ryttaren f\u00e5r r\u00e4kna s\u00e4songens sju b\u00e4sta resultat i totalen.<\/p>\n<p>K\u00e4lla: Svenska Ridsportf\u00f6rbundet.<\/p>\n<p>S\u00e5 arbetar Ridsport<\/p>\n<p>Grunden i v\u00e5r journalistik \u00e4r trov\u00e4rdighet och opartiskhet. Det vi publicerar ska vara sant och relevant. Ridsport \u00e4r oberoende och frist\u00e5ende i f\u00f6rh\u00e5llande till ekonomiska, privata, politiska och andra intressen.<\/p>\n","protected":false},"excerpt":{"rendered":"Traditionsenligt delas \u00e5rets sista v\u00e4rldscuppo\u00e4ng ut i belgiska Mechelen i mellandagarna. P\u00e5 tisdagen rids v\u00e4rldscupen i hoppning med&hellip;\n","protected":false},"author":2,"featured_media":122433,"comment_status":"","ping_status":"","sticky":false,"template":"","format":"standard","meta":{"footnotes":""},"categories":[68],"tags":[12919,12848,34,111,110,31,33,32,30,12849],"class_list":{"0":"post-122432","1":"post","2":"type-post","3":"status-publish","4":"format-standard","5":"has-post-thumbnail","7":"category-sport","8":"tag-marcus-westergren","9":"tag-petronella-andersson","10":"tag-se","11":"tag-sport","12":"tag-sports","13":"tag-svenska","14":"tag-sverige","15":"tag-sweden","16":"tag-swedish","17":"tag-varldscupen-hoppning"},"share_on_mastodon":{"url":"https:\/\/pubeurope.com\/@se\/115819150200078986","error":""},"_links":{"self":[{"href":"https:\/\/www.europesays.com\/se\/wp-json\/wp\/v2\/posts\/122432","targetHints":{"allow":["GET"]}}],"collection":[{"href":"https:\/\/www.europesays.com\/se\/wp-json\/wp\/v2\/posts"}],"about":[{"href":"https:\/\/www.europesays.com\/se\/wp-json\/wp\/v2\/types\/post"}],"author":[{"embeddable":true,"href":"https:\/\/www.europesays.com\/se\/wp-json\/wp\/v2\/users\/2"}],"replies":[{"embeddable":true,"href":"https:\/\/www.europesays.com\/se\/wp-json\/wp\/v2\/comments?post=122432"}],"version-history":[{"count":0,"href":"https:\/\/www.europesays.com\/se\/wp-json\/wp\/v2\/posts\/122432\/revisions"}],"wp:featuredmedia":[{"embeddable":true,"href":"https:\/\/www.europesays.com\/se\/wp-json\/wp\/v2\/media\/122433"}],"wp:attachment":[{"href":"https:\/\/www.europesays.com\/se\/wp-json\/wp\/v2\/media?parent=122432"}],"wp:term":[{"taxonomy":"category","embeddable":true,"href":"https:\/\/www.europesays.com\/se\/wp-json\/wp\/v2\/categories?post=122432"},{"taxonomy":"post_tag","embeddable":true,"href":"https:\/\/www.europesays.com\/se\/wp-json\/wp\/v2\/tags?post=122432"}],"curies":[{"name":"wp","href":"https:\/\/api.w.org\/{rel}","templated":true}]}}