{"id":122444,"date":"2026-01-01T09:53:07","date_gmt":"2026-01-01T09:53:07","guid":{"rendered":"https:\/\/www.europesays.com\/se\/122444\/"},"modified":"2026-01-01T09:53:07","modified_gmt":"2026-01-01T09:53:07","slug":"manifestation-for-ukraina-pa-arsdagen-av-den-fullskaliga-ryska-invasionen","status":"publish","type":"post","link":"https:\/\/www.europesays.com\/se\/122444\/","title":{"rendered":"Manifestation f\u00f6r Ukraina p\u00e5 \u00e5rsdagen av den fullskaliga ryska invasionen"},"content":{"rendered":"\n<p>\tManifestation f\u00f6r Ukraina p\u00e5 \u00e5rsdagen av den fullskaliga ryska invasionen &#8211; Svenska FN-f\u00f6rbundet<\/p>\n<p>\t\t\t\t\tManifestation f\u00f6r Ukraina p\u00e5 \u00e5rsdagen av den fullskaliga ryska invasionen<\/p>\n<p>\t\t\t\t\t\tStockholm<br \/>\n\t\t\t\t\t\tSergels torg<\/p>\n<p>\t\t\t\t\t\t\t\t24 februari 2026<\/p>\n<p>Den 24:e februari har det g\u00e5tt fyra \u00e5r sedan Rysslands fullskaliga invasion av Ukraina inleddes. Ett angrepp i strid med FN-stadgans regelverk och ett angrepp som inneh\u00e5ller s\u00e5 grova krigsbrott att den FN-kopplade domstolen ICC utf\u00e4rdat arresteringsorder mot sex ryska ledare, inklusive Putin sj\u00e4lv.<\/p>\n<p>P\u00e5 \u00e5rsdagen samlas vi \u00e5ter p\u00e5 Sergels torg kl 18.00 i en bred solidaritetsmanifestation st\u00f6dd av flera civilsamh\u00e4llesorganisationer, d\u00e4ribland oss i Svenska FN-f\u00f6rbundet.<\/p>\n<p>V\u00e4lkommen!<\/p>\n<p>string(6) &#8221;https:&#8221;<br \/>\nstring(0) &#8221;&#8221;<br \/>\nstring(5) &#8221;fn.se&#8221;<br \/>\nstring(12) &#8221;engagera-dig&#8221;<br \/>\nstring(8) &#8221;kalender&#8221;<br \/>\nstring(0) &#8221;&#8221;<\/p>\n","protected":false},"excerpt":{"rendered":"Manifestation f\u00f6r Ukraina p\u00e5 \u00e5rsdagen av den fullskaliga ryska invasionen &#8211; Svenska FN-f\u00f6rbundet Manifestation f\u00f6r Ukraina p\u00e5 \u00e5rsdagen&hellip;\n","protected":false},"author":2,"featured_media":33831,"comment_status":"","ping_status":"","sticky":false,"template":"","format":"standard","meta":{"footnotes":""},"categories":[5],"tags":[22,23,26,27,17,21,24,25,28,29,15,16,18,34,31,33,32,30,19,20],"class_list":{"0":"post-122444","1":"post","2":"type-post","3":"status-publish","4":"format-standard","5":"has-post-thumbnail","7":"category-rubriker","8":"tag-breaking-news","9":"tag-breakingnews","10":"tag-featured-news","11":"tag-featurednews","12":"tag-headlines","13":"tag-huvudnyheter","14":"tag-latest-news","15":"tag-latestnews","16":"tag-main-news","17":"tag-mainnews","18":"tag-news","19":"tag-nyheter","20":"tag-rubriker","21":"tag-se","22":"tag-svenska","23":"tag-sverige","24":"tag-sweden","25":"tag-swedish","26":"tag-top-stories","27":"tag-topstories"},"share_on_mastodon":{"url":"https:\/\/pubeurope.com\/@se\/115819236733420081","error":""},"_links":{"self":[{"href":"https:\/\/www.europesays.com\/se\/wp-json\/wp\/v2\/posts\/122444","targetHints":{"allow":["GET"]}}],"collection":[{"href":"https:\/\/www.europesays.com\/se\/wp-json\/wp\/v2\/posts"}],"about":[{"href":"https:\/\/www.europesays.com\/se\/wp-json\/wp\/v2\/types\/post"}],"author":[{"embeddable":true,"href":"https:\/\/www.europesays.com\/se\/wp-json\/wp\/v2\/users\/2"}],"replies":[{"embeddable":true,"href":"https:\/\/www.europesays.com\/se\/wp-json\/wp\/v2\/comments?post=122444"}],"version-history":[{"count":0,"href":"https:\/\/www.europesays.com\/se\/wp-json\/wp\/v2\/posts\/122444\/revisions"}],"wp:featuredmedia":[{"embeddable":true,"href":"https:\/\/www.europesays.com\/se\/wp-json\/wp\/v2\/media\/33831"}],"wp:attachment":[{"href":"https:\/\/www.europesays.com\/se\/wp-json\/wp\/v2\/media?parent=122444"}],"wp:term":[{"taxonomy":"category","embeddable":true,"href":"https:\/\/www.europesays.com\/se\/wp-json\/wp\/v2\/categories?post=122444"},{"taxonomy":"post_tag","embeddable":true,"href":"https:\/\/www.europesays.com\/se\/wp-json\/wp\/v2\/tags?post=122444"}],"curies":[{"name":"wp","href":"https:\/\/api.w.org\/{rel}","templated":true}]}}