{"id":122448,"date":"2026-01-01T10:01:10","date_gmt":"2026-01-01T10:01:10","guid":{"rendered":"https:\/\/www.europesays.com\/se\/122448\/"},"modified":"2026-01-01T10:01:10","modified_gmt":"2026-01-01T10:01:10","slug":"sa-var-nyarsnatten-folk-har-firat-och-festat-och-brakat","status":"publish","type":"post","link":"https:\/\/www.europesays.com\/se\/122448\/","title":{"rendered":"S\u00e5 var ny\u00e5rsnatten: \u201dFolk har firat och festat och br\u00e5kat\u201d"},"content":{"rendered":"<p>Tidigt p\u00e5 ny\u00e5rskv\u00e4llen grep polisen en man i 40-\u00e5rs\u00e5ldern som <a href=\"https:\/\/www.svt.se\/nyheter\/lokalt\/stockholm\/man-knivhuggen-i-farsta-misstankt-mordforsok\" rel=\"nofollow noopener\" target=\"_blank\">knivhuggit<\/a> en man p\u00e5 ett hotell i Farsta, i s\u00f6dra Stockholm. Den knivhuggna mannen ska ha skadats allvarligt och f\u00f6rdes till sjukhus med ambulans. Polisen har inlett en brottsutredning om mordf\u00f6rs\u00f6k. <\/p>\n<p>En timme f\u00f6re tolvslaget tr\u00e4ffades en ung man av en <a href=\"https:\/\/www.svt.se\/nyheter\/lokalt\/stockholm\/fick-fyrverkeripjas-i-ansiktet-allvarligt-skadad\" rel=\"nofollow noopener\" target=\"_blank\">fyrverkeripj\u00e4s<\/a> i ansiktet i Solna, norr om Stockholm. Mannen fick v\u00e5rd p\u00e5 plats och f\u00f6rdes sedan till sjukhus. Polisen inledde en utredning om v\u00e5llande till kroppsskada. <\/p>\n<p>F\u00f6rutom de h\u00e4ndelserna kallar Robert Sennerdal, presstalesperson p\u00e5 polisregion Stockholm, Stockholmsnatten f\u00f6r en \u201dnormal ny\u00e5rsnatt\u201d men \u201dn\u00e5got lugnare\u201d \u00e4n vanligt. <\/p>\n<p>Stal taxi \u2013 krockade med polis<\/p>\n<p>Desto st\u00f6kigare verkar det ha varit i Sk\u00e5ne. <\/p>\n<p>\u2013 Jag kan sammanfatta natten som st\u00f6kig. Folk har firat och festat och br\u00e5kat, det h\u00f6r ju ny\u00e5rsnatten till, s\u00e4ger Evelina Olsson, presstalesperson f\u00f6r polisregion Syd. <\/p>\n<p>Polisen har bland annat larmats om en bilst\u00f6ld n\u00e4ra M\u00f6llev\u00e5ngstorget i Malm\u00f6, d\u00e4r en man hoppat in i en taxibil och krockat med en polisbil som stod parkerad. Mannen greps misst\u00e4nkt f\u00f6r grov v\u00e5rdsl\u00f6shet i trafik, narkotikainnehav och tillgrepp av fortskaffningsmedel. <\/p>\n<p>Fyrverkeripj\u00e4ser mot bost\u00e4der<\/p>\n<p>I Sk\u00e5ne har \u00e4ven flera fyrverkeripj\u00e4ser skjutits in i bost\u00e4der. Bland annat i Helsingborg d\u00e5 en fyrverkeripj\u00e4s skjutits in i en bostad och orsakat en l\u00e4genhetsbrand. Inga skador ska ha skett i samband med h\u00e4ndelsen och ingen \u00e4r i nul\u00e4get misst\u00e4nkt men en anm\u00e4lan om skadeg\u00f6relse via brand har uppr\u00e4ttats.<\/p>\n<p>En liknande h\u00e4ndelse intr\u00e4ffade i H\u00f6\u00f6r d\u00e4r det skjutits in en fyrverkeripj\u00e4s i en l\u00e4genhet. Det finns inga uppgifter om att de boende skadats i samband med h\u00e4ndelsen. En anm\u00e4lan om skadeg\u00f6relse har uppr\u00e4ttats. <\/p>\n<p>Strax innan tolvslaget <a href=\"https:\/\/www.svt.se\/nyheter\/lokalt\/varmland\/ung-man-alvarligt-skadad-efter-fyrverkeripjas-i-ansiktet\" rel=\"nofollow noopener\" target=\"_blank\">tr\u00e4ffades en man i 20-\u00e5rs\u00e5ldern av en fyrverkeripj\u00e4s<\/a> i ansiktet i centrala Karlstad. Mannen fick \u00e5ka till sjukhus och har v\u00e5rdats f\u00f6r alvarliga skador.<\/p>\n<p>I S\u00f6dra hamn i Lule\u00e5 har raketer skjutits in i en folkmassa i Lule\u00e5 tidigt p\u00e5 det nya \u00e5ret. Det finns inga uppgifter om skadade i samband med h\u00e4ndelsen. En anm\u00e4lan om allm\u00e4nfarlig v\u00e5rdsl\u00f6shet och om brott mot lagen om brandfarliga och explosiva varor har uppr\u00e4ttats <\/p>\n<p>M\u00e5nga fall av misshandel har \u00e4ven rapporterats under natten, bland annat ska en man i 20-\u00e5rs\u00e5ldern blivit p\u00e5hoppad av flera personer i Haga i G\u00f6teborg. Fem m\u00e4n i 20-\u00e5rs\u00e5ldern ska ha fr\u00e5gat en man om en cigarett. N\u00e4r mannen sa nej slog de fem m\u00e4nnen ner mannen, som inte har beh\u00f6vt sjukv\u00e5rd. M\u00e4nnen greps efter h\u00e4ndelsen.<\/p>\n","protected":false},"excerpt":{"rendered":"Tidigt p\u00e5 ny\u00e5rskv\u00e4llen grep polisen en man i 40-\u00e5rs\u00e5ldern som knivhuggit en man p\u00e5 ett hotell i Farsta,&hellip;\n","protected":false},"author":2,"featured_media":122449,"comment_status":"","ping_status":"","sticky":false,"template":"","format":"standard","meta":{"footnotes":""},"categories":[5],"tags":[22,23,26,27,17,21,24,25,28,29,15,16,18,34,31,33,32,30,19,20],"class_list":{"0":"post-122448","1":"post","2":"type-post","3":"status-publish","4":"format-standard","5":"has-post-thumbnail","7":"category-rubriker","8":"tag-breaking-news","9":"tag-breakingnews","10":"tag-featured-news","11":"tag-featurednews","12":"tag-headlines","13":"tag-huvudnyheter","14":"tag-latest-news","15":"tag-latestnews","16":"tag-main-news","17":"tag-mainnews","18":"tag-news","19":"tag-nyheter","20":"tag-rubriker","21":"tag-se","22":"tag-svenska","23":"tag-sverige","24":"tag-sweden","25":"tag-swedish","26":"tag-top-stories","27":"tag-topstories"},"share_on_mastodon":{"url":"https:\/\/pubeurope.com\/@se\/115819268175688206","error":""},"_links":{"self":[{"href":"https:\/\/www.europesays.com\/se\/wp-json\/wp\/v2\/posts\/122448","targetHints":{"allow":["GET"]}}],"collection":[{"href":"https:\/\/www.europesays.com\/se\/wp-json\/wp\/v2\/posts"}],"about":[{"href":"https:\/\/www.europesays.com\/se\/wp-json\/wp\/v2\/types\/post"}],"author":[{"embeddable":true,"href":"https:\/\/www.europesays.com\/se\/wp-json\/wp\/v2\/users\/2"}],"replies":[{"embeddable":true,"href":"https:\/\/www.europesays.com\/se\/wp-json\/wp\/v2\/comments?post=122448"}],"version-history":[{"count":0,"href":"https:\/\/www.europesays.com\/se\/wp-json\/wp\/v2\/posts\/122448\/revisions"}],"wp:featuredmedia":[{"embeddable":true,"href":"https:\/\/www.europesays.com\/se\/wp-json\/wp\/v2\/media\/122449"}],"wp:attachment":[{"href":"https:\/\/www.europesays.com\/se\/wp-json\/wp\/v2\/media?parent=122448"}],"wp:term":[{"taxonomy":"category","embeddable":true,"href":"https:\/\/www.europesays.com\/se\/wp-json\/wp\/v2\/categories?post=122448"},{"taxonomy":"post_tag","embeddable":true,"href":"https:\/\/www.europesays.com\/se\/wp-json\/wp\/v2\/tags?post=122448"}],"curies":[{"name":"wp","href":"https:\/\/api.w.org\/{rel}","templated":true}]}}