{"id":122450,"date":"2026-01-01T10:03:08","date_gmt":"2026-01-01T10:03:08","guid":{"rendered":"https:\/\/www.europesays.com\/se\/122450\/"},"modified":"2026-01-01T10:03:08","modified_gmt":"2026-01-01T10:03:08","slug":"grat-gladjetarar-efter-pallplats-tvingas-bryta","status":"publish","type":"post","link":"https:\/\/www.europesays.com\/se\/122450\/","title":{"rendered":"Gr\u00e4t gl\u00e4djet\u00e5rar efter pallplats \u2013 tvingas bryta"},"content":{"rendered":"<p class=\"boxtextgrotesk-root_baa6 hyperion-css-1w346fg\">Uppdaterad 10.46 | Publicerad 10.37<\/p>\n<p>share-arrowDela<\/p>\n<p>unsaveSpara<\/p>\n<p>expand-left<\/p>\n<p>helsk\u00e4rm<img decoding=\"async\" class=\"image-asset hyperion-css-u06ts1\" data-test-tag=\"image-asset\" src=\"https:\/\/www.europesays.com\/se\/wp-content\/uploads\/2026\/01\/d34b1082-427d-4487-9df0-318ce4a130ca.jpeg\"  alt=\"Emma Ribom i Toblach.\"  loading=\"eager\" fetchpriority=\"high\" style=\"aspect-ratio:1900 \/ 1267\"\/>Emma Ribom i Toblach. Foto: Terje Pedersen\/NTB\/TT<\/p>\n<p class=\"hyperion-css-1shl3oz\" data-test-tag=\"lead-text\">Emma Ribom, tv\u00e5a p\u00e5 5 kilometer under onsdagen och totalsexa i Tour de Ski, tvingas bryta skidstouren.<\/p>\n<p class=\"hyperion-css-1v9qo5x\">Hon vaknade med f\u00f6rkylningssymptom, rapporterar Viaplay.<\/p>\n<p class=\"hyperion-css-1v9qo5x\">Damernas jaktstart g\u00e5r klockan 12.30 i Toblach.<\/p>\n<p class=\"hyperion-css-1v9qo5x\">P\u00e5 onsdagen gr\u00e4t Emma Ribom gl\u00e4djet\u00e5rar efter att ha kommit tv\u00e5a i femkilometersloppet som k\u00f6rdes i heat.<\/p>\n<p class=\"hyperion-css-1v9qo5x\">Det har varit s\u00e5 mycket stolpe ut, s\u00e5 det var sk\u00f6nt med en stolpe in. Det kan vara min b\u00e4sta dag p\u00e5 skidor i dag p\u00e5 hela 2025, sk\u00f6nt att f\u00e5 avsluta \u00e5ret s\u00e5h\u00e4r, jag \u00e4r j\u00e4tteglad, sade Ribom till Viaplay.<\/p>\n<p class=\"hyperion-css-1v9qo5x\">Gl\u00e4djen blev kortvarig d\u00e5 hon vaknade upp med f\u00f6rkylningssymtom p\u00e5 ny\u00e5rsdagen och nu tvingas bryta touren halvv\u00e4gs in.<\/p>\n<p class=\"hyperion-css-1v9qo5x\">\u00c4ven tourtv\u00e5an Astrid \u00d8yre Slind, Norge, bryter touren med en f\u00f6rkylning.<\/p>\n","protected":false},"excerpt":{"rendered":"Uppdaterad 10.46 | Publicerad 10.37 share-arrowDela unsaveSpara expand-left helsk\u00e4rmEmma Ribom i Toblach. Foto: Terje Pedersen\/NTB\/TT Emma Ribom, tv\u00e5a&hellip;\n","protected":false},"author":2,"featured_media":122451,"comment_status":"","ping_status":"","sticky":false,"template":"","format":"standard","meta":{"footnotes":""},"categories":[68],"tags":[34,111,110,31,33,32,30],"class_list":{"0":"post-122450","1":"post","2":"type-post","3":"status-publish","4":"format-standard","5":"has-post-thumbnail","7":"category-sport","8":"tag-se","9":"tag-sport","10":"tag-sports","11":"tag-svenska","12":"tag-sverige","13":"tag-sweden","14":"tag-swedish"},"share_on_mastodon":{"url":"https:\/\/pubeurope.com\/@se\/115819276209853008","error":""},"_links":{"self":[{"href":"https:\/\/www.europesays.com\/se\/wp-json\/wp\/v2\/posts\/122450","targetHints":{"allow":["GET"]}}],"collection":[{"href":"https:\/\/www.europesays.com\/se\/wp-json\/wp\/v2\/posts"}],"about":[{"href":"https:\/\/www.europesays.com\/se\/wp-json\/wp\/v2\/types\/post"}],"author":[{"embeddable":true,"href":"https:\/\/www.europesays.com\/se\/wp-json\/wp\/v2\/users\/2"}],"replies":[{"embeddable":true,"href":"https:\/\/www.europesays.com\/se\/wp-json\/wp\/v2\/comments?post=122450"}],"version-history":[{"count":0,"href":"https:\/\/www.europesays.com\/se\/wp-json\/wp\/v2\/posts\/122450\/revisions"}],"wp:featuredmedia":[{"embeddable":true,"href":"https:\/\/www.europesays.com\/se\/wp-json\/wp\/v2\/media\/122451"}],"wp:attachment":[{"href":"https:\/\/www.europesays.com\/se\/wp-json\/wp\/v2\/media?parent=122450"}],"wp:term":[{"taxonomy":"category","embeddable":true,"href":"https:\/\/www.europesays.com\/se\/wp-json\/wp\/v2\/categories?post=122450"},{"taxonomy":"post_tag","embeddable":true,"href":"https:\/\/www.europesays.com\/se\/wp-json\/wp\/v2\/tags?post=122450"}],"curies":[{"name":"wp","href":"https:\/\/api.w.org\/{rel}","templated":true}]}}