{"id":122454,"date":"2026-01-01T10:06:45","date_gmt":"2026-01-01T10:06:45","guid":{"rendered":"https:\/\/www.europesays.com\/se\/122454\/"},"modified":"2026-01-01T10:06:45","modified_gmt":"2026-01-01T10:06:45","slug":"villapriser-i-boden-okar-mest-i-norrbotten","status":"publish","type":"post","link":"https:\/\/www.europesays.com\/se\/122454\/","title":{"rendered":"Villapriser i Boden \u00f6kar mest i Norrbotten"},"content":{"rendered":"<p>En ny kartl\u00e4ggning av villapriserna i l\u00e4nets kommuner har presenterats av LF Fastighetsf\u00f6rmedling. Kartl\u00e4ggningen som baseras p\u00e5 siffror fr\u00e5n Svensk M\u00e4klarstatistik placerar Norrbotten p\u00e5 en tredjeplats i landet med en pris\u00f6kning p\u00e5 n\u00e4stan 300 procent sedan \u00e5r 2000.En genomsnittsvilla som f\u00f6r 25 \u00e5r sedan kostade 600\u00a0000 kronor i dag \u00e4r v\u00e4rd 2,3 miljoner.\u2013 Under en l\u00e5n<\/p>\n","protected":false},"excerpt":{"rendered":"En ny kartl\u00e4ggning av villapriserna i l\u00e4nets kommuner har presenterats av LF Fastighetsf\u00f6rmedling. Kartl\u00e4ggningen som baseras p\u00e5 siffror&hellip;\n","protected":false},"author":2,"featured_media":122455,"comment_status":"","ping_status":"","sticky":false,"template":"","format":"standard","meta":{"footnotes":""},"categories":[65],"tags":[72,70,71,34,31,33,32,30],"class_list":{"0":"post-122454","1":"post","2":"type-post","3":"status-publish","4":"format-standard","5":"has-post-thumbnail","7":"category-ekonomi","8":"tag-business","9":"tag-economy","10":"tag-ekonomi","11":"tag-se","12":"tag-svenska","13":"tag-sverige","14":"tag-sweden","15":"tag-swedish"},"share_on_mastodon":{"url":"https:\/\/pubeurope.com\/@se\/115819291771377400","error":""},"_links":{"self":[{"href":"https:\/\/www.europesays.com\/se\/wp-json\/wp\/v2\/posts\/122454","targetHints":{"allow":["GET"]}}],"collection":[{"href":"https:\/\/www.europesays.com\/se\/wp-json\/wp\/v2\/posts"}],"about":[{"href":"https:\/\/www.europesays.com\/se\/wp-json\/wp\/v2\/types\/post"}],"author":[{"embeddable":true,"href":"https:\/\/www.europesays.com\/se\/wp-json\/wp\/v2\/users\/2"}],"replies":[{"embeddable":true,"href":"https:\/\/www.europesays.com\/se\/wp-json\/wp\/v2\/comments?post=122454"}],"version-history":[{"count":0,"href":"https:\/\/www.europesays.com\/se\/wp-json\/wp\/v2\/posts\/122454\/revisions"}],"wp:featuredmedia":[{"embeddable":true,"href":"https:\/\/www.europesays.com\/se\/wp-json\/wp\/v2\/media\/122455"}],"wp:attachment":[{"href":"https:\/\/www.europesays.com\/se\/wp-json\/wp\/v2\/media?parent=122454"}],"wp:term":[{"taxonomy":"category","embeddable":true,"href":"https:\/\/www.europesays.com\/se\/wp-json\/wp\/v2\/categories?post=122454"},{"taxonomy":"post_tag","embeddable":true,"href":"https:\/\/www.europesays.com\/se\/wp-json\/wp\/v2\/tags?post=122454"}],"curies":[{"name":"wp","href":"https:\/\/api.w.org\/{rel}","templated":true}]}}