{"id":122457,"date":"2026-01-01T10:09:11","date_gmt":"2026-01-01T10:09:11","guid":{"rendered":"https:\/\/www.europesays.com\/se\/122457\/"},"modified":"2026-01-01T10:09:11","modified_gmt":"2026-01-01T10:09:11","slug":"brand-i-sundbyberg-brinner-i-tva-lagenheter","status":"publish","type":"post","link":"https:\/\/www.europesays.com\/se\/122457\/","title":{"rendered":"Brand i Sundbyberg \u2013 brinner i tv\u00e5 l\u00e4genheter"},"content":{"rendered":"<p>R\u00e4ddningstj\u00e4nsten har larmats till en brand i ett flerfamiljshus i Sundbyberg.<\/p>\n<p>\u2013 Det har b\u00f6rjat brinna p\u00e5 en balkong och det ska ha tagit sig i tv\u00e5 l\u00e4genheter, s\u00e4ger ledningsbef\u00e4let p\u00e5 Storstockholms brandf\u00f6rsvar.<\/p>\n<p>R\u00e4ddningstj\u00e4nsten \u00e4r p\u00e5 plats med en stor styrka som jobbar med sl\u00e4ckningsarbete. \u00c4ven polis och sjukv\u00e5rdspersonal finns p\u00e5 plats.<\/p>\n<p>Det finns inga uppgifter om personskador i nul\u00e4get.<\/p>\n<p>\u2013 Vi f\u00f6rh\u00f6r folk p\u00e5 plats f\u00f6r att se hur det h\u00e4r har uppst\u00e5tt och om n\u00e5gon skadats s\u00e5 \u00e4r det kanske i s\u00e5 fall r\u00f6kskador men det har vi inga uppgifter om. Ingen har beh\u00f6vt f\u00f6ras med ambulans i alla fall, s\u00e4ger polisens presstalesperson Robert Sennerdal.<\/p>\n","protected":false},"excerpt":{"rendered":"R\u00e4ddningstj\u00e4nsten har larmats till en brand i ett flerfamiljshus i Sundbyberg. \u2013 Det har b\u00f6rjat brinna p\u00e5 en&hellip;\n","protected":false},"author":2,"featured_media":122458,"comment_status":"","ping_status":"","sticky":false,"template":"","format":"standard","meta":{"footnotes":""},"categories":[5],"tags":[22,23,26,27,17,21,24,25,28,29,15,16,18,34,31,33,32,30,19,20],"class_list":{"0":"post-122457","1":"post","2":"type-post","3":"status-publish","4":"format-standard","5":"has-post-thumbnail","7":"category-rubriker","8":"tag-breaking-news","9":"tag-breakingnews","10":"tag-featured-news","11":"tag-featurednews","12":"tag-headlines","13":"tag-huvudnyheter","14":"tag-latest-news","15":"tag-latestnews","16":"tag-main-news","17":"tag-mainnews","18":"tag-news","19":"tag-nyheter","20":"tag-rubriker","21":"tag-se","22":"tag-svenska","23":"tag-sverige","24":"tag-sweden","25":"tag-swedish","26":"tag-top-stories","27":"tag-topstories"},"share_on_mastodon":{"url":"https:\/\/pubeurope.com\/@se\/115819299606764575","error":""},"_links":{"self":[{"href":"https:\/\/www.europesays.com\/se\/wp-json\/wp\/v2\/posts\/122457","targetHints":{"allow":["GET"]}}],"collection":[{"href":"https:\/\/www.europesays.com\/se\/wp-json\/wp\/v2\/posts"}],"about":[{"href":"https:\/\/www.europesays.com\/se\/wp-json\/wp\/v2\/types\/post"}],"author":[{"embeddable":true,"href":"https:\/\/www.europesays.com\/se\/wp-json\/wp\/v2\/users\/2"}],"replies":[{"embeddable":true,"href":"https:\/\/www.europesays.com\/se\/wp-json\/wp\/v2\/comments?post=122457"}],"version-history":[{"count":0,"href":"https:\/\/www.europesays.com\/se\/wp-json\/wp\/v2\/posts\/122457\/revisions"}],"wp:featuredmedia":[{"embeddable":true,"href":"https:\/\/www.europesays.com\/se\/wp-json\/wp\/v2\/media\/122458"}],"wp:attachment":[{"href":"https:\/\/www.europesays.com\/se\/wp-json\/wp\/v2\/media?parent=122457"}],"wp:term":[{"taxonomy":"category","embeddable":true,"href":"https:\/\/www.europesays.com\/se\/wp-json\/wp\/v2\/categories?post=122457"},{"taxonomy":"post_tag","embeddable":true,"href":"https:\/\/www.europesays.com\/se\/wp-json\/wp\/v2\/tags?post=122457"}],"curies":[{"name":"wp","href":"https:\/\/api.w.org\/{rel}","templated":true}]}}