{"id":122468,"date":"2026-01-01T10:23:16","date_gmt":"2026-01-01T10:23:16","guid":{"rendered":"https:\/\/www.europesays.com\/se\/122468\/"},"modified":"2026-01-01T10:23:16","modified_gmt":"2026-01-01T10:23:16","slug":"fiasko-for-edvin-anger-i-femkilometersloppet-78a-av-102-akare-langdskidor","status":"publish","type":"post","link":"https:\/\/www.europesays.com\/se\/122468\/","title":{"rendered":"Fiasko f\u00f6r Edvin Anger i femkilometersloppet \u2013 78:a av 102 \u00e5kare | L\u00e4ngdskidor"},"content":{"rendered":"<p>Publicerad 31 dec 2025 kl 12.45Uppdaterad kl 13.41<\/p>\n<p>Ett ras fr\u00e5n Edvin Anger och en vurpa av Gustaf Berglund.<\/p>\n<p>Ny\u00e5rsaftons femkilometerslopp i Tour de ski blev ingen rolig historia f\u00f6r de svenska herrarna.<\/p>\n<p>\u2013\u00a0Det var nog det st\u00f6rsta bottennappet i mitt liv, s\u00e4ger Edvin Anger.<\/p>\n<p><img loading=\"lazy\"   alt=\"\"\/><\/p>\n<p>Edvin Anger hade en tung dag i sp\u00e5ret p\u00e5 ny\u00e5rsafton.<\/p>\n<p>Foto: MAXIM THORE \/ BILDBYR\u00c5N<\/p>\n<p>\u00d6ppna bild i helsk\u00e4rm<img loading=\"lazy\"   alt=\"\"\/><\/p>\n<p>Jonas Eriksson blev b\u00e4sta svensk.<\/p>\n<p>Foto: ACTION PRESS \/ STELLA PICTURES<\/p>\n<p>\u00d6ppna bild i helsk\u00e4rm<\/p>\n<p>Onsdagens femkilometerslopp avgjordes i ett heatformat som kritiserats h\u00e5rt.<\/p>\n<p>\u00c5karna i det inledande heatet fick v\u00e4nta i ytterligare tre heat f\u00f6r att se om deras tider skulle r\u00e4cka n\u00e5gon vart p\u00e5 resultatlistan.<\/p>\n<p>De st\u00f6rsta svenskhoppen fanns i det fj\u00e4rde heatet, d\u00e4r bland andra Alvar Myhlback och <a href=\"https:\/\/www.expressen.se\/tagg\/person\/edvin-anger\/\" class=\"\" rel=\"nofollow noopener\" target=\"_blank\">Edvin Anger<\/a> var placerade.<\/p>\n<p>Men det blev ingen svensk ny\u00e5rsaftonssucc\u00e9.<\/p>\n<p>Angers mardr\u00f6m: \u201dKlarar inte\u201d<\/p>\n<p>P\u00e5 en fiaskoartad 78:e plats \u2013 s\u00e4mst av alla svenskar \u2013 landade Edvin Anger. Han gick ut h\u00e5rt och ledde tidigt i sitt heat \u2013 men f\u00f6ll sedan tungt.<\/p>\n<p><strong>Vad var det h\u00e4r f\u00f6r avslutning p\u00e5 2025?<\/strong><\/p>\n<p>\u2013 Ja, det var v\u00e4l en ganska d\u00e5lig avslutning. Det var nog det st\u00f6rsta bottennappet jag haft p\u00e5 en t\u00e4vling i mitt liv.<\/p>\n<p><strong>Vad \u00e4r det som h\u00e4nder?<\/strong><\/p>\n<p>\u2013 Jag vet inte. Jag har ingen f\u00f6rklaring p\u00e5 varf\u00f6r det g\u00e5r s\u00e5 fruktansv\u00e4rt d\u00e5ligt. Det \u00e4r frustrerande n\u00e4r man vill \u00e5ka fort. Den h\u00e4r banan ska passa mig bra, men d\u00e5 m\u00e5ste kroppen samarbeta.<\/p>\n<p>F\u00f6re loppet l\u00e5g Edvin Anger fyra i totalst\u00e4llningen av Tour de Ski. Han har nu halkat ner till en tiondeplats.<\/p>\n<p>Doldisen b\u00e4st: \u201dSk\u00f6nt\u201d<\/p>\n<p>Amerikanen Gus Schumacher vann loppet och tog d\u00e4rmed sin andra v\u00e4rldscupseger.<\/p>\n<p>Jonas Eriksson landade p\u00e5 en 28:e plats. Han var b\u00e4ste svensk under onsdagens femkilometerslopp \u2013 efter att ha varit s\u00e4mste svensk i den f\u00f6rsta etappen.<\/p>\n<p>\u2013 De f\u00f6rsta tv\u00e5 etapperna har varit totalt v\u00e4rdel\u00f6sa. Det g\u00e5r inte att dra s\u00e5 stora v\u00e4xlar av dagen i dag, men jag \u00e4r inte s\u00e5 d\u00e5lig som jag var d\u00e5. Man \u00e4r v\u00e4l inte b\u00e4ttre \u00e4n sin senaste prestation, s\u00e5 det \u00e4r sk\u00f6nt att ha den h\u00e4r i ryggen nu, s\u00e4ger Eriksson efter loppet.<\/p>\n<p>Berglunds vurpa: \u201dF\u00e5r panik\u201d<\/p>\n<p>Gustaf Berglund blev n\u00e4st b\u00e4ste svensk p\u00e5 en 30:e plats. Han vurpade under sitt heat.<\/p>\n<p>\u2013 Man f\u00e5r panik, s\u00e4ger han och utvecklar tankarna:<\/p>\n<p>\u2013 Vad h\u00e5ller jag p\u00e5 med? Hur i helskotta ska jag kunna ta mig fram efter det h\u00e4r? Jag \u00e4r glad att det inte blev n\u00e5got st\u00f6rre ras i touren, men det h\u00e4r var inte det jag hoppats p\u00e5.<\/p>\n","protected":false},"excerpt":{"rendered":"Publicerad 31 dec 2025 kl 12.45Uppdaterad kl 13.41 Ett ras fr\u00e5n Edvin Anger och en vurpa av Gustaf&hellip;\n","protected":false},"author":2,"featured_media":122469,"comment_status":"","ping_status":"","sticky":false,"template":"","format":"standard","meta":{"footnotes":""},"categories":[68],"tags":[4478,34,857,111,110,31,33,32,30],"class_list":{"0":"post-122468","1":"post","2":"type-post","3":"status-publish","4":"format-standard","5":"has-post-thumbnail","7":"category-sport","8":"tag-person-edvin-anger","9":"tag-se","10":"tag-sections-langdskidor","11":"tag-sport","12":"tag-sports","13":"tag-svenska","14":"tag-sverige","15":"tag-sweden","16":"tag-swedish"},"share_on_mastodon":{"url":"https:\/\/pubeurope.com\/@se\/115819355255593237","error":""},"_links":{"self":[{"href":"https:\/\/www.europesays.com\/se\/wp-json\/wp\/v2\/posts\/122468","targetHints":{"allow":["GET"]}}],"collection":[{"href":"https:\/\/www.europesays.com\/se\/wp-json\/wp\/v2\/posts"}],"about":[{"href":"https:\/\/www.europesays.com\/se\/wp-json\/wp\/v2\/types\/post"}],"author":[{"embeddable":true,"href":"https:\/\/www.europesays.com\/se\/wp-json\/wp\/v2\/users\/2"}],"replies":[{"embeddable":true,"href":"https:\/\/www.europesays.com\/se\/wp-json\/wp\/v2\/comments?post=122468"}],"version-history":[{"count":0,"href":"https:\/\/www.europesays.com\/se\/wp-json\/wp\/v2\/posts\/122468\/revisions"}],"wp:featuredmedia":[{"embeddable":true,"href":"https:\/\/www.europesays.com\/se\/wp-json\/wp\/v2\/media\/122469"}],"wp:attachment":[{"href":"https:\/\/www.europesays.com\/se\/wp-json\/wp\/v2\/media?parent=122468"}],"wp:term":[{"taxonomy":"category","embeddable":true,"href":"https:\/\/www.europesays.com\/se\/wp-json\/wp\/v2\/categories?post=122468"},{"taxonomy":"post_tag","embeddable":true,"href":"https:\/\/www.europesays.com\/se\/wp-json\/wp\/v2\/tags?post=122468"}],"curies":[{"name":"wp","href":"https:\/\/api.w.org\/{rel}","templated":true}]}}