{"id":122473,"date":"2026-01-01T10:28:13","date_gmt":"2026-01-01T10:28:13","guid":{"rendered":"https:\/\/www.europesays.com\/se\/122473\/"},"modified":"2026-01-01T10:28:13","modified_gmt":"2026-01-01T10:28:13","slug":"anders-lackcenter-i-forshaga-ab-senaste-aret-sa-gick-det-for-foretaget","status":"publish","type":"post","link":"https:\/\/www.europesays.com\/se\/122473\/","title":{"rendered":"Anders Lackcenter i Forshaga AB senaste \u00e5ret: S\u00e5 gick det f\u00f6r f\u00f6retaget"},"content":{"rendered":"<p class=\"break-words mb-4 mx-auto max-w-xl\">H\u00e4r \u00e4r de viktigaste siffrorna fr\u00e5n \u00e5rsredovisningen f\u00f6r Anders Lackcenter i Forshaga AB som nu \u00e4r klar. Verksamheten st\u00e5r bokf\u00f6rd p\u00e5 knappt 5,4 miljoner kronor i oms\u00e4ttning, en \u00f6kning p\u00e5 19,9 procent j\u00e4mf\u00f6rt med f\u00f6reg\u00e5ende period. Resultatet f\u00f6re skatt \u00e4r l\u00e4gre \u00e4n f\u00f6reg\u00e5ende \u00e5r, 46 000 kronor mot cirka 600 000 kronor.<\/p>\n<p class=\"mb-4 mx-auto max-w-xl\"><strong>H\u00e4r \u00e4r de viktigaste siffrorna fr\u00e5&#8230;<\/strong><\/p>\n","protected":false},"excerpt":{"rendered":"H\u00e4r \u00e4r de viktigaste siffrorna fr\u00e5n \u00e5rsredovisningen f\u00f6r Anders Lackcenter i Forshaga AB som nu \u00e4r klar. Verksamheten&hellip;\n","protected":false},"author":2,"featured_media":122474,"comment_status":"","ping_status":"","sticky":false,"template":"","format":"standard","meta":{"footnotes":""},"categories":[12],"tags":[22,23,26,27,17,21,24,25,28,29,15,16,18,34,31,33,32,30,19,20],"class_list":{"0":"post-122473","1":"post","2":"type-post","3":"status-publish","4":"format-standard","5":"has-post-thumbnail","7":"category-sverige","8":"tag-breaking-news","9":"tag-breakingnews","10":"tag-featured-news","11":"tag-featurednews","12":"tag-headlines","13":"tag-huvudnyheter","14":"tag-latest-news","15":"tag-latestnews","16":"tag-main-news","17":"tag-mainnews","18":"tag-news","19":"tag-nyheter","20":"tag-rubriker","21":"tag-se","22":"tag-svenska","23":"tag-sverige","24":"tag-sweden","25":"tag-swedish","26":"tag-top-stories","27":"tag-topstories"},"share_on_mastodon":{"url":"https:\/\/pubeurope.com\/@se\/115819374429858983","error":""},"_links":{"self":[{"href":"https:\/\/www.europesays.com\/se\/wp-json\/wp\/v2\/posts\/122473","targetHints":{"allow":["GET"]}}],"collection":[{"href":"https:\/\/www.europesays.com\/se\/wp-json\/wp\/v2\/posts"}],"about":[{"href":"https:\/\/www.europesays.com\/se\/wp-json\/wp\/v2\/types\/post"}],"author":[{"embeddable":true,"href":"https:\/\/www.europesays.com\/se\/wp-json\/wp\/v2\/users\/2"}],"replies":[{"embeddable":true,"href":"https:\/\/www.europesays.com\/se\/wp-json\/wp\/v2\/comments?post=122473"}],"version-history":[{"count":0,"href":"https:\/\/www.europesays.com\/se\/wp-json\/wp\/v2\/posts\/122473\/revisions"}],"wp:featuredmedia":[{"embeddable":true,"href":"https:\/\/www.europesays.com\/se\/wp-json\/wp\/v2\/media\/122474"}],"wp:attachment":[{"href":"https:\/\/www.europesays.com\/se\/wp-json\/wp\/v2\/media?parent=122473"}],"wp:term":[{"taxonomy":"category","embeddable":true,"href":"https:\/\/www.europesays.com\/se\/wp-json\/wp\/v2\/categories?post=122473"},{"taxonomy":"post_tag","embeddable":true,"href":"https:\/\/www.europesays.com\/se\/wp-json\/wp\/v2\/tags?post=122473"}],"curies":[{"name":"wp","href":"https:\/\/api.w.org\/{rel}","templated":true}]}}