{"id":122475,"date":"2026-01-01T10:29:33","date_gmt":"2026-01-01T10:29:33","guid":{"rendered":"https:\/\/www.europesays.com\/se\/122475\/"},"modified":"2026-01-01T10:29:33","modified_gmt":"2026-01-01T10:29:33","slug":"edvin-anger-pa-pallen","status":"publish","type":"post","link":"https:\/\/www.europesays.com\/se\/122475\/","title":{"rendered":"Edvin Anger p\u00e5 pallen"},"content":{"rendered":"<p><a data-test-tag=\"internal-link\" href=\"https:\/\/www.aftonbladet.se\/av\/malin-wahlberg\" class=\"hyperion-css-13ns1rr\" rel=\"nofollow noopener\" target=\"\" aria-label=\"Se alla artiklar av Malin Wahlberg\"><img decoding=\"async\" class=\"image-asset hyperion-css-n6kkq1\" data-test-tag=\"image-asset\" src=\"https:\/\/www.europesays.com\/se\/wp-content\/uploads\/2026\/01\/06af7d8a-29f2-4452-b717-6f3b2a951ff4.png\"  alt=\"\"  loading=\"lazy\" fetchpriority=\"auto\" style=\"aspect-ratio:1900 \/ 1900\"\/><\/a><\/p>\n<p class=\"boxtextgrotesk-root_baa6 hyperion-css-1w346fg\">Uppdaterad 11.29 | Publicerad 11.18<\/p>\n<p>share-arrowDela<\/p>\n<p>unsaveSpara<\/p>\n<p class=\"hyperion-css-1shl3oz\" data-test-tag=\"lead-text\">Mot Johannes H\u00f6sflot Kl\u00e4bo fanns inget att g\u00f6ra. <\/p>\n<p class=\"hyperion-css-1shl3oz\" data-test-tag=\"lead-text\">Men Edvin Anger spurtade hem tredjeplatsen i jaktstarten efter att ha varit snabbast av alla p\u00e5 str\u00e4ckan. <\/p>\n<p class=\"hyperion-css-1v9qo5x\">Edvin Anger hade en tung dag i g\u00e5r. Men det nya \u00e5ret b\u00f6rjade betydligt b\u00e4ttre f\u00f6r 23-\u00e5ringen i jaktstarten p\u00e5 20 kilometer klassiskt. <\/p>\n<p class=\"hyperion-css-1v9qo5x\">Anger gick ut en minut och 22 sekunder efter ledande Johannes H\u00f6sflot Kl\u00e4bo. Norrmannen h\u00f6ll avst\u00e5ndet till den jagande klungan bakom, men Anger plockade p\u00e5 den. Efter drygt fem kilometer var svensken ikapp klungan.<\/p>\n<p>Snabbast av alla<\/p>\n<p class=\"hyperion-css-1v9qo5x\">Vid 13 kilometer gjorde Mattis Stenshagen ett ryck och varken Anger eller n\u00e5gon av de \u00f6vriga sex \u00e5karna d\u00e4r bakom lyckades f\u00f6lja. <\/p>\n<p class=\"hyperion-css-1v9qo5x\">Anger var dock med n\u00e4r kampen om tredjeplatsen skulle avg\u00f6ras. Han utmanades fr\u00e4mst av Fredrico Pellegrino p\u00e5 upploppet, men svensken var starkast och knep tredjeplatsen efter en spurtstrid. <\/p>\n<p class=\"hyperion-css-1v9qo5x\">Anger plockade 22 sekunder p\u00e5 Kl\u00e4bo och var snabbast av alla p\u00e5 str\u00e4ckan. Det inneb\u00e4r att han plockar en hel del i totalen inf\u00f6r sprinten i Val di Fiemme. <\/p>\n<p class=\"hyperion-css-1v9qo5x\">William Poromaa \u00f6ppnade bra, men tappade p\u00e5 slutet och gick i m\u00e5l som 23:a, tv\u00e5 minuter och 30 sekunder efter. Truls Gisselman blev n\u00e4st b\u00e4ste svensk och slutade p\u00e5 15:e plats efter ett starkt lopp. <\/p>\n<p>expand-left<\/p>\n<p>helsk\u00e4rm<img decoding=\"async\" class=\"image-asset hyperion-css-u06ts1\" data-test-tag=\"image-asset\" src=\"https:\/\/www.europesays.com\/se\/wp-content\/uploads\/2026\/01\/d1488899-016d-4cc4-82a4-86cb39dd54b2.jpeg\"  alt=\"\"  loading=\"eager\" fetchpriority=\"high\" style=\"aspect-ratio:1900 \/ 1267\"\/> Foto: Maxim Thore \/ Bildbyr\u00e5n<\/p>\n","protected":false},"excerpt":{"rendered":"Uppdaterad 11.29 | Publicerad 11.18 share-arrowDela unsaveSpara Mot Johannes H\u00f6sflot Kl\u00e4bo fanns inget att g\u00f6ra. Men Edvin Anger&hellip;\n","protected":false},"author":2,"featured_media":122476,"comment_status":"","ping_status":"","sticky":false,"template":"","format":"standard","meta":{"footnotes":""},"categories":[5],"tags":[22,23,26,27,17,21,24,25,28,29,15,16,18,34,31,33,32,30,19,20],"class_list":{"0":"post-122475","1":"post","2":"type-post","3":"status-publish","4":"format-standard","5":"has-post-thumbnail","7":"category-rubriker","8":"tag-breaking-news","9":"tag-breakingnews","10":"tag-featured-news","11":"tag-featurednews","12":"tag-headlines","13":"tag-huvudnyheter","14":"tag-latest-news","15":"tag-latestnews","16":"tag-main-news","17":"tag-mainnews","18":"tag-news","19":"tag-nyheter","20":"tag-rubriker","21":"tag-se","22":"tag-svenska","23":"tag-sverige","24":"tag-sweden","25":"tag-swedish","26":"tag-top-stories","27":"tag-topstories"},"share_on_mastodon":{"url":"https:\/\/pubeurope.com\/@se\/115819378305169431","error":""},"_links":{"self":[{"href":"https:\/\/www.europesays.com\/se\/wp-json\/wp\/v2\/posts\/122475","targetHints":{"allow":["GET"]}}],"collection":[{"href":"https:\/\/www.europesays.com\/se\/wp-json\/wp\/v2\/posts"}],"about":[{"href":"https:\/\/www.europesays.com\/se\/wp-json\/wp\/v2\/types\/post"}],"author":[{"embeddable":true,"href":"https:\/\/www.europesays.com\/se\/wp-json\/wp\/v2\/users\/2"}],"replies":[{"embeddable":true,"href":"https:\/\/www.europesays.com\/se\/wp-json\/wp\/v2\/comments?post=122475"}],"version-history":[{"count":0,"href":"https:\/\/www.europesays.com\/se\/wp-json\/wp\/v2\/posts\/122475\/revisions"}],"wp:featuredmedia":[{"embeddable":true,"href":"https:\/\/www.europesays.com\/se\/wp-json\/wp\/v2\/media\/122476"}],"wp:attachment":[{"href":"https:\/\/www.europesays.com\/se\/wp-json\/wp\/v2\/media?parent=122475"}],"wp:term":[{"taxonomy":"category","embeddable":true,"href":"https:\/\/www.europesays.com\/se\/wp-json\/wp\/v2\/categories?post=122475"},{"taxonomy":"post_tag","embeddable":true,"href":"https:\/\/www.europesays.com\/se\/wp-json\/wp\/v2\/tags?post=122475"}],"curies":[{"name":"wp","href":"https:\/\/api.w.org\/{rel}","templated":true}]}}