{"id":122479,"date":"2026-01-01T10:36:16","date_gmt":"2026-01-01T10:36:16","guid":{"rendered":"https:\/\/www.europesays.com\/se\/122479\/"},"modified":"2026-01-01T10:36:16","modified_gmt":"2026-01-01T10:36:16","slug":"lakarhuset-redo-for-ett-langsamt-farval","status":"publish","type":"post","link":"https:\/\/www.europesays.com\/se\/122479\/","title":{"rendered":"L\u00e4karhuset redo f\u00f6r ett l\u00e5ngsamt farv\u00e4l"},"content":{"rendered":"<p class=\"ort\">Odenplan<\/p>\n<p class=\"text\">Flyttlass tr\u00e4ngs med n\u00e5gra av de sista patienterna i de sm\u00e5 hissarna, n\u00e4r Mitt bes\u00f6ker L\u00e4karhuset i mitten av december.<\/p>\n<p class=\"text\">M\u00e5nga lokaler st\u00e5r helt tomma. Under b\u00f6rjan av \u00e5ret b\u00f6rjar nedmonteringen av huset.<\/p>\n<p class=\"text\">Turerna har varit m\u00e5nga, men i maj stod det klart: H\u00f6ghuset fr\u00e5n 60-talet rivs, och ett sju meter h\u00f6gre hus i glas och tr\u00e4 byggs i st\u00e4llet.<\/p>\n<p class=\"text\">\u2013 Betongfasaden har b\u00f6rjat vittra, och armeringsj\u00e4rnet rostar. Vi vill egentligen inte riva d\u00e5 det t\u00e4r p\u00e5 klimatavtrycket, men bara betongskelettet hade varit kvar, s\u00e4ger Markus Pfister, fastighetschef f\u00f6r samh\u00e4llsfastigheter och kontor vid Skandia.<\/p>\n<p>Ny \u00e5rsring<\/p>\n<p class=\"text\">S\u00e5 mycket som m\u00f6jligt ska dock \u00e5terbrukas. Dels inredning som toaletter och glasrutor, dels delar av betongkonstruktionen som kan malas ner och \u00e5teranv\u00e4ndas, eller s\u00e5gas upp i block.<\/p>\n<p class=\"text\">\u2013 Vi har andra projekt d\u00e4r det kan anv\u00e4ndas, eller s\u00e5 s\u00e4ljer vi eller sk\u00e4nker bort.<\/p>\n<p class=\"faktarubrik\">Tidplan<\/p>\n<p class=\"fakta\">2026: Inv\u00e4ndig och utv\u00e4ndig demontering.<\/p>\n<p class=\"fakta\">2027\u20132028: Det nya huset byggs.<\/p>\n<p class=\"fakta\">2029: Inflyttning.<\/p>\n<p class=\"faktakalla\">K\u00e4lla: Skandia fastigheter<\/p>\n<p class=\"text\">H\u00f6jd och utformning har st\u00f6tt och bl\u00f6tts l\u00e4nge. H\u00e4nsyn har bland annat tagits till kulturhistoriskt viktiga platser i omr\u00e5det, som Stadsbiblioteket, Observatorielunden och Gustaf Vasa kyrka.<\/p>\n<p class=\"text\">\u2013 Huset som byggs blir en ny \u00e5rsring, n\u00e5got som skiljer sig fr\u00e5n resten.<\/p>\n<p class=\"text\">Genom \u00e5ren har flera olika anv\u00e4ndningsomr\u00e5den varit aktuella f\u00f6r huset. Markus Pfister ber\u00e4ttar att staden vill att det skapas fler arbetsplatser i omr\u00e5det, d\u00e5 det redan bor mycket folk i n\u00e4rheten.<\/p>\n<p class=\"citat\">I bra l\u00e4gen \u00e4r efterfr\u00e5gan alltid stor.<\/p>\n<p class=\"text\">\u2013 Det \u00e4r redan stort intresse f\u00f6r kontorslokalerna i den nya byggnaden. F\u00f6retag ringer och fr\u00e5gar om de kan st\u00e4lla sig i k\u00f6.<\/p>\n<p class=\"text\">\u2013 P\u00e5 bra objekt i bra l\u00e4gen \u00e4r efterfr\u00e5gan alltid stor. Vakansgraden i city ligger p\u00e5 runt tio procent, men v\u00e4nder man p\u00e5 det s\u00e5 \u00e4r 90 procent av lokalerna uthyrda.<\/p>\n<p class=\"text\">\u00c4ven hotell har diskuterats, men Markus Pfister tror inte att det blir aktuellt. Delar av bottenplan ska fortsatt ha plats f\u00f6r butiker, och \u00e4ven om Lindex och Akademibokhandeln har sagts upp \u00e4r det inte om\u00f6jligt att de flyttar tillbaka.<\/p>\n<p class=\"text\">Att det inte blir ett nytt l\u00e4karhus beror enligt honom p\u00e5 att Praktikertj\u00e4nst, vars verksamheter har funnits i huset i m\u00e5nga \u00e5r, har tackat nej till att flytta tillbaka.<\/p>\n<p class=\"text\">\u2013 De vill inte beh\u00f6va flytta tv\u00e5 g\u00e5nger p\u00e5 kort tid, och f\u00f6rmodligen hade de \u00e4ven tackat nej av kostnadssk\u00e4l.<\/p>\n","protected":false},"excerpt":{"rendered":"Odenplan Flyttlass tr\u00e4ngs med n\u00e5gra av de sista patienterna i de sm\u00e5 hissarna, n\u00e4r Mitt bes\u00f6ker L\u00e4karhuset i&hellip;\n","protected":false},"author":2,"featured_media":122480,"comment_status":"","ping_status":"","sticky":false,"template":"","format":"standard","meta":{"footnotes":""},"categories":[12],"tags":[22,23,26,27,17,21,24,25,28,29,15,16,18,34,31,33,32,30,19,20],"class_list":{"0":"post-122479","1":"post","2":"type-post","3":"status-publish","4":"format-standard","5":"has-post-thumbnail","7":"category-sverige","8":"tag-breaking-news","9":"tag-breakingnews","10":"tag-featured-news","11":"tag-featurednews","12":"tag-headlines","13":"tag-huvudnyheter","14":"tag-latest-news","15":"tag-latestnews","16":"tag-main-news","17":"tag-mainnews","18":"tag-news","19":"tag-nyheter","20":"tag-rubriker","21":"tag-se","22":"tag-svenska","23":"tag-sverige","24":"tag-sweden","25":"tag-swedish","26":"tag-top-stories","27":"tag-topstories"},"share_on_mastodon":{"url":"https:\/\/pubeurope.com\/@se\/115819405867340598","error":""},"_links":{"self":[{"href":"https:\/\/www.europesays.com\/se\/wp-json\/wp\/v2\/posts\/122479","targetHints":{"allow":["GET"]}}],"collection":[{"href":"https:\/\/www.europesays.com\/se\/wp-json\/wp\/v2\/posts"}],"about":[{"href":"https:\/\/www.europesays.com\/se\/wp-json\/wp\/v2\/types\/post"}],"author":[{"embeddable":true,"href":"https:\/\/www.europesays.com\/se\/wp-json\/wp\/v2\/users\/2"}],"replies":[{"embeddable":true,"href":"https:\/\/www.europesays.com\/se\/wp-json\/wp\/v2\/comments?post=122479"}],"version-history":[{"count":0,"href":"https:\/\/www.europesays.com\/se\/wp-json\/wp\/v2\/posts\/122479\/revisions"}],"wp:featuredmedia":[{"embeddable":true,"href":"https:\/\/www.europesays.com\/se\/wp-json\/wp\/v2\/media\/122480"}],"wp:attachment":[{"href":"https:\/\/www.europesays.com\/se\/wp-json\/wp\/v2\/media?parent=122479"}],"wp:term":[{"taxonomy":"category","embeddable":true,"href":"https:\/\/www.europesays.com\/se\/wp-json\/wp\/v2\/categories?post=122479"},{"taxonomy":"post_tag","embeddable":true,"href":"https:\/\/www.europesays.com\/se\/wp-json\/wp\/v2\/tags?post=122479"}],"curies":[{"name":"wp","href":"https:\/\/api.w.org\/{rel}","templated":true}]}}