{"id":122485,"date":"2026-01-01T10:44:37","date_gmt":"2026-01-01T10:44:37","guid":{"rendered":"https:\/\/www.europesays.com\/se\/122485\/"},"modified":"2026-01-01T10:44:37","modified_gmt":"2026-01-01T10:44:37","slug":"8-sidor-en-misstankt-for-mordet","status":"publish","type":"post","link":"https:\/\/www.europesays.com\/se\/122485\/","title":{"rendered":"8 Sidor &#8211; En misst\u00e4nkt f\u00f6r mordet"},"content":{"rendered":"<p>En plats d\u00e4r folk t\u00e4nt ljus och l\u00e4mnat blommor f\u00f6r kvinnan som blev m\u00f6rdad. Foto: Nils Petter Nilsson\/TT<\/p>\n<p>En person \u00e4r misst\u00e4nkt<br \/>f\u00f6r att ha m\u00f6rdat<br \/>kvinnan som f\u00f6rsvann efter jul.<\/p>\n<p>Kvinnan f\u00f6rsvann<br \/>natten mot annandag jul<br \/>n\u00e4r hon var p\u00e5 v\u00e4g hem.<\/p>\n<p>Det h\u00e4nde i R\u00f6nninge<br \/>i Salems kommun.<\/p>\n<p>Kvinnan hittades d\u00f6d<br \/>i l\u00f6rdags kv\u00e4ll.<br \/>Hon var ungef\u00e4r 25 \u00e5r.<\/p>\n<p>Poliserna tog f\u00f6rst<br \/>fast tv\u00e5 personer.<br \/>Men nu \u00e4r en av dem sl\u00e4ppt.<\/p>\n<p>Den andra personen,<br \/>en 26-\u00e5ring, \u00e4r fortfarande<br \/>misst\u00e4nkt f\u00f6r mordet.<\/p>\n<p>Personen har tidigare<br \/>blivit straffad f\u00f6r<br \/>allvarliga brott.<\/p>\n<p>\u00c5r 2019 ska personen<br \/>ha f\u00f6rs\u00f6kt att kidnappa<br \/>en tio\u00e5rig flicka.<br \/>Men flickan lyckades fly.<\/p>\n<p>Poliserna ska d\u00e5 ocks\u00e5<br \/>ha hittat olagliga bilder<br \/>i personens dator.<br \/>Det var bland annat<br \/>flera tusen sexbilder p\u00e5 barn,<br \/>barnpornografi.<br \/>Det ber\u00e4ttar SVT.<\/p>\n<p>Personen som var<br \/>19 \u00e5r n\u00e4r det h\u00e4nde<br \/>d\u00f6mdes till tv\u00e5 \u00e5r<br \/>och fyra m\u00e5nader i f\u00e4ngelse<br \/>f\u00f6r de brotten.<\/p>\n<p>Nu ska personen vara inl\u00e5st<br \/>medan poliserna unders\u00f6ker<br \/>det nya brottet.<\/p>\n<p>8 SIDOR<\/p>\n","protected":false},"excerpt":{"rendered":"En plats d\u00e4r folk t\u00e4nt ljus och l\u00e4mnat blommor f\u00f6r kvinnan som blev m\u00f6rdad. Foto: Nils Petter Nilsson\/TT&hellip;\n","protected":false},"author":2,"featured_media":122486,"comment_status":"","ping_status":"","sticky":false,"template":"","format":"standard","meta":{"footnotes":""},"categories":[12],"tags":[22,23,26,27,17,21,24,25,28,29,15,16,18,34,31,33,32,30,19,20],"class_list":{"0":"post-122485","1":"post","2":"type-post","3":"status-publish","4":"format-standard","5":"has-post-thumbnail","7":"category-sverige","8":"tag-breaking-news","9":"tag-breakingnews","10":"tag-featured-news","11":"tag-featurednews","12":"tag-headlines","13":"tag-huvudnyheter","14":"tag-latest-news","15":"tag-latestnews","16":"tag-main-news","17":"tag-mainnews","18":"tag-news","19":"tag-nyheter","20":"tag-rubriker","21":"tag-se","22":"tag-svenska","23":"tag-sverige","24":"tag-sweden","25":"tag-swedish","26":"tag-top-stories","27":"tag-topstories"},"share_on_mastodon":{"url":"https:\/\/pubeurope.com\/@se\/115819437675816413","error":""},"_links":{"self":[{"href":"https:\/\/www.europesays.com\/se\/wp-json\/wp\/v2\/posts\/122485","targetHints":{"allow":["GET"]}}],"collection":[{"href":"https:\/\/www.europesays.com\/se\/wp-json\/wp\/v2\/posts"}],"about":[{"href":"https:\/\/www.europesays.com\/se\/wp-json\/wp\/v2\/types\/post"}],"author":[{"embeddable":true,"href":"https:\/\/www.europesays.com\/se\/wp-json\/wp\/v2\/users\/2"}],"replies":[{"embeddable":true,"href":"https:\/\/www.europesays.com\/se\/wp-json\/wp\/v2\/comments?post=122485"}],"version-history":[{"count":0,"href":"https:\/\/www.europesays.com\/se\/wp-json\/wp\/v2\/posts\/122485\/revisions"}],"wp:featuredmedia":[{"embeddable":true,"href":"https:\/\/www.europesays.com\/se\/wp-json\/wp\/v2\/media\/122486"}],"wp:attachment":[{"href":"https:\/\/www.europesays.com\/se\/wp-json\/wp\/v2\/media?parent=122485"}],"wp:term":[{"taxonomy":"category","embeddable":true,"href":"https:\/\/www.europesays.com\/se\/wp-json\/wp\/v2\/categories?post=122485"},{"taxonomy":"post_tag","embeddable":true,"href":"https:\/\/www.europesays.com\/se\/wp-json\/wp\/v2\/tags?post=122485"}],"curies":[{"name":"wp","href":"https:\/\/api.w.org\/{rel}","templated":true}]}}