{"id":122487,"date":"2026-01-01T10:45:18","date_gmt":"2026-01-01T10:45:18","guid":{"rendered":"https:\/\/www.europesays.com\/se\/122487\/"},"modified":"2026-01-01T10:45:18","modified_gmt":"2026-01-01T10:45:18","slug":"prorektor-ledigt-jobb-corren","status":"publish","type":"post","link":"https:\/\/www.europesays.com\/se\/122487\/","title":{"rendered":"Prorektor &#8211; Ledigt jobb &#8211; Corren"},"content":{"rendered":"<p><strong>Om arbetsplatsen\u00a0<\/strong><br \/>H\u00f6gskolan i G\u00e4vle \u00e4r en av Sveriges popul\u00e4raste h\u00f6gskolor. Vi erbjuder ett 60-tal utbildningsprogram och 330 frist\u00e5ende kurser inom humaniora, v\u00e5rd och medicin, samh\u00e4lls- och naturvetenskap samt teknik. Vi har 19 000 studenter, 750 anst\u00e4llda och ett samlat campus i vackra omgivningar.<\/p>\n<p>H\u00f6gskolan har fyra strategiska forskningsomr\u00e5den som fokuserar p\u00e5 samh\u00e4llsutmaningar: H\u00e5llbar stadsutveckling, h\u00e4lsofr\u00e4mjande arbete, innovativt l\u00e4rande och intelligent industri.<\/p>\n<p>Sedan 2023 \u00e4r H\u00f6gskolan en del i Europauniversitet EU GREEN som arbetar f\u00f6r att st\u00e4rka kvaliteten inom den h\u00f6gre utbildningen i EU samt \u00f6kat utbyte f\u00f6r b\u00e5de studenter och anst\u00e4llda.<\/p>\n<p>H\u00f6gskolans vision \u00e4r F\u00f6rstahandsvalet f\u00f6r alla som vill g\u00f6ra skillnad.<\/p>\n<p>Vi erbjuder bland annat:<\/p>\n<ul>\n<li>God arbetsmilj\u00f6: medarbetarunders\u00f6kningen visar h\u00f6g trivsel och arbetsgl\u00e4dje<\/li>\n<li>Gener\u00f6st friskv\u00e5rdsbidrag, i topp bland Sveriges l\u00e4ros\u00e4ten<\/li>\n<li>Flexibelt arbetss\u00e4tt\u00a0<\/li>\n<\/ul>\n<p>H\u00f6gskolan i G\u00e4vle verkar i en tid av snabb f\u00f6r\u00e4ndring, d\u00e4r ny kunskap och nya perspektiv beh\u00f6vs f\u00f6r att m\u00f6ta framtidens samh\u00e4llsutmaningar. H\u00f6gskolan \u00e4r ett l\u00e4ros\u00e4te d\u00e4r innovation, h\u00e5llbarhet och samh\u00e4llsrelevans st\u00e5r i centrum, d\u00e4r id\u00e9er, forskning och utbildning kopplas samman f\u00f6r att skapa l\u00f6sningar som g\u00f6r verklig skillnad.\u00a0V\u00e5rt anrika campusomr\u00e5det, vackert bel\u00e4get intill Boulognerskogen och p\u00e5 bekv\u00e4mt avst\u00e5nd fr\u00e5n stadsk\u00e4rnan, erbjuder en milj\u00f6 som inspirerar till b\u00e5de samverkan och kreativitet.<\/p>\n<p>N\u00e4rheten \u00e4r en av H\u00f6gskolans styrkor, h\u00e4r har vi korta beslutsv\u00e4gar, t\u00e4ta samarbeten mellan akademier och en ledning som befinner sig n\u00e4ra verksamheten. \u00a0Tillsammans skapar detta en kreativ och inkluderande milj\u00f6 som uppmuntrar till samarbete och innovation, d\u00e4r b\u00e5de id\u00e9er och engagemang f\u00e5r m\u00f6jlighet att v\u00e4xa.<\/p>\n<p><strong>Arbetsuppgifter<\/strong><br \/>Som prorektor utg\u00f6r du en central del av l\u00e4ros\u00e4tets ledning och arbetar n\u00e4ra rektor f\u00f6r att utveckla och st\u00e4rka verksamheten. Du har ett \u00f6vergripande ansvar f\u00f6r strategiska fr\u00e5gor och leder arbetet inom ett eller flera prioriterade omr\u00e5den. Tillsammans med rektor och ledningen driver du strategiska initiativ som skapar v\u00e4rde f\u00f6r studenter, medarbetare och samarbetspartners. Som prorektor f\u00e5r du m\u00f6jlighet att leda i en organisation som pr\u00e4glas av korta beslutsv\u00e4gar, n\u00e4ra samarbete mellan akademier och ledning med en stark kultur av inkludering, respekt och kreativitet. H\u00f6gskolan erbjuder en milj\u00f6 som fr\u00e4mjar samarbete och innovation, d\u00e4r id\u00e9er och engagemang ges utrymme att v\u00e4xa.<\/p>\n<p>I uppdraget som prorektor ing\u00e5r bland annat att:<\/p>\n<ul>\n<li>F\u00f6retr\u00e4da rektor vid behov och vara st\u00e4llf\u00f6retr\u00e4dande i rektors fr\u00e5nvaro.<\/li>\n<li>Leda och delta i olika r\u00e5d, n\u00e4mnder och styrgrupper inom l\u00e4ros\u00e4tet.<\/li>\n<li>Representera l\u00e4ros\u00e4tet i nationella och internationella n\u00e4tverk, samarbeten och m\u00f6ten.<\/li>\n<li>Bidra till att st\u00e4rka h\u00f6gskolans profil och relationer med n\u00e4ringsliv, offentlig sektor och andra l\u00e4ros\u00e4ten.<\/li>\n<li>Medverka i den \u00f6vergripande strategiska ledningen av l\u00e4ros\u00e4tet.<\/li>\n<li>S\u00e4kerst\u00e4lla att verksamheten utvecklas i linje med nationella krav och interna m\u00e5l.<\/li>\n<li>Initiera och driva utvecklingsprojekt inom utbildning, forskning, samverkan och h\u00e5llbar utveckling.<\/li>\n<li>Arbeta med f\u00f6rnyelse av utbildningsutbudet, pedagogisk utveckling och forskningsst\u00f6djande strukturer.\u00a0<\/li>\n<\/ul>\n<p>Vill du veta mer om rekryteringsprocessen och H\u00f6gskolan som arbetsplats, g\u00e5 in p\u00e5:\u00a0<br \/><a href=\"https:\/\/www.hig.se\/ny-prorektor-2026\/hogskolan-i-gavle-soker-en-ny-prorektor\" rel=\"sponsored noopener noreferrer nofollow\" target=\"_blank\" title=\"L\u00e4nken \u00f6ppnas i en ny flik\">https:\/\/www.hig.se\/ny-prorektor-2026\/hogskolan-i-gavle-soker-en-ny-prorektor<\/a><\/p>\n<p><strong>Kvalifikationer<\/strong><\/p>\n<p><strong>Formella kvalifikationer<\/strong><br \/>Som prorektor ska du uppfylla beh\u00f6righetskraven f\u00f6r anst\u00e4llning enligt h\u00f6gskolef\u00f6rordningen 2 kap och 4 kap samt ha:<\/p>\n<ul>\n<li>Doktorsexamen (uppfylla beh\u00f6righetskraven f\u00f6r anst\u00e4llning som professor eller lektor) inom ett \u00e4mne som \u00e4r relevant f\u00f6r H\u00f6gskolan i G\u00e4vle.<\/li>\n<li>God och dokumenterad erfarenhet av framg\u00e5ngsrikt ledarskap inom akademin.<\/li>\n<li>God vetenskaplig och pedagogisk skicklighet och vara v\u00e4l f\u00f6rankrad i vetenskapssamh\u00e4llet.<\/li>\n<li>Erfarenhet av samverkan med det omgivande samh\u00e4llet.<\/li>\n<li>Utm\u00e4rkta spr\u00e5kkunskaper i svenska och engelska, b\u00e5de i tal och skrift.<\/li>\n<\/ul>\n<p><strong>\u00a0Meriterande f\u00f6r uppdraget<\/strong><\/p>\n<ul>\n<li>Docent eller professorskompetens.<\/li>\n<li>Erfarenhet av personalansvar.<\/li>\n<li>Erfarenhet av ledarskap p\u00e5 h\u00f6g niv\u00e5 inom akademin.<\/li>\n<\/ul>\n<p><strong>Personliga egenskaper\u00a0 \u00a0<\/strong><br \/>Vi s\u00f6ker dig som har god kommunikations- och samarbetsf\u00f6rm\u00e5ga, och som genom ditt ledarskap kan skapa engagemang, bidra till en god arbetsmilj\u00f6 samt utveckla goda relationer b\u00e5de internt och externt.\u00a0<\/p>\n<p>Du har en v\u00e4l utvecklad f\u00f6rm\u00e5ga att samverka med det omgivande samh\u00e4llet och driver arbetet fram\u00e5t genom att vara utvecklingsinriktad, handlingskraftig samt strukturerad och m\u00e5linriktad.<\/p>\n<p>Du har \u00e4ven f\u00f6rm\u00e5gan att arbeta med f\u00f6r\u00e4ndringsledning samt framg\u00e5ngsrikt bedriva och\/eller leda verksamhet inom utbildning och forskning.<\/p>\n<p><strong>Villkor<\/strong><br \/>Uppdraget omfattar 100% under en tre\u00e5rsperiod med m\u00f6jlighet till f\u00f6rl\u00e4ngning av uppdraget under ytterligare tv\u00e5 tre\u00e5rsperioder. Uppdraget kommer att kombineras med en tillsvidareanst\u00e4llning som l\u00e4rare vid H\u00f6gskolan i G\u00e4vle.\u00a0<\/p>\n<p><strong>Ans\u00f6kan<\/strong><br \/>V\u00e4lkommen att skicka in din ans\u00f6kan i form av CV\/meritf\u00f6rteckning med tillh\u00f6rande bilagor. Du som s\u00f6kande har ansvar f\u00f6r att din ans\u00f6kan \u00e4r komplett, f\u00f6r en fullst\u00e4ndig f\u00f6rteckning av vad din ans\u00f6kan ska inneh\u00e5lla, bes\u00f6k v\u00e5r hemsida: <a href=\"https:\/\/www.hig.se\/om-hogskolan\/jobba-med-oss\/ansokan-om-tjanst-som-lektor-eller-professor\" rel=\"sponsored noopener noreferrer nofollow\" target=\"_blank\" title=\"L\u00e4nken \u00f6ppnas i en ny flik\">https:\/\/www.hig.se\/om-hogskolan\/jobba-med-oss\/ansokan-om-tjanst-som-lektor-eller-professor<\/a>.<\/p>\n<p><strong>Kontakt<\/strong>\u00a0<br \/>Vid fr\u00e5gor g\u00e4llande uppdraget, kontakta styrelseordf\u00f6rande Stephen Hwang 070-263 38 35, <a href=\"https:\/\/www.corren.se\/jobb\/gavle\/artikel\/prorektor\/mailto:stephen.hwang@hig.se\" rel=\"sponsored noopener noreferrer nofollow\" title=\"\u00d6ppnas i ditt e-post-program\" target=\"_blank\">stephen.hwang@hig.se<\/a>.\u00a0<br \/>Vid fr\u00e5gor g\u00e4llande processen, kontakta HR-chef, Jessica Hagberg 026-64 86 66, <a href=\"https:\/\/www.corren.se\/jobb\/gavle\/artikel\/prorektor\/mailto:jessica.hagberg@hig.se\" rel=\"sponsored noopener noreferrer nofollow\" title=\"\u00d6ppnas i ditt e-post-program\" target=\"_blank\">jessica.hagberg@hig.se<\/a>.<\/p>\n<p><strong>\u00d6vrigt\u00a0<\/strong><br \/>H\u00f6gskolan i G\u00e4vle efterstr\u00e4var en j\u00e4mn k\u00f6nsf\u00f6rdelning och ett aktivt arbete med lika villkor i alla delar av organisationen.<\/p>\n<p>Inf\u00f6r denna rekrytering har H\u00f6gskolan i G\u00e4vle tagit st\u00e4llning till rekryteringskanaler och marknadsf\u00f6ring. Vi undanber oss d\u00e4rf\u00f6r best\u00e4mt kontakt med medias\u00e4ljare och liknande.<\/p>\n<p><strong>Facklig f\u00f6retr\u00e4dare<\/strong><br \/>Maria Savela, SACO-S, 026-648500 (vxl)<br \/>Kia Sundberg-Kimhag, Sveriges L\u00e4rare, 026-648500 (vxl)<br \/>Annette Gustafsson, Fackf\u00f6rbundet ST, 026-648500 (vxl)<\/p>\n","protected":false},"excerpt":{"rendered":"Om arbetsplatsen\u00a0H\u00f6gskolan i G\u00e4vle \u00e4r en av Sveriges popul\u00e4raste h\u00f6gskolor. Vi erbjuder ett 60-tal utbildningsprogram och 330 frist\u00e5ende&hellip;\n","protected":false},"author":2,"featured_media":122207,"comment_status":"","ping_status":"","sticky":false,"template":"","format":"standard","meta":{"footnotes":""},"categories":[5],"tags":[22,23,26,27,17,21,24,25,28,29,15,16,18,34,31,33,32,30,19,20],"class_list":{"0":"post-122487","1":"post","2":"type-post","3":"status-publish","4":"format-standard","5":"has-post-thumbnail","7":"category-rubriker","8":"tag-breaking-news","9":"tag-breakingnews","10":"tag-featured-news","11":"tag-featurednews","12":"tag-headlines","13":"tag-huvudnyheter","14":"tag-latest-news","15":"tag-latestnews","16":"tag-main-news","17":"tag-mainnews","18":"tag-news","19":"tag-nyheter","20":"tag-rubriker","21":"tag-se","22":"tag-svenska","23":"tag-sverige","24":"tag-sweden","25":"tag-swedish","26":"tag-top-stories","27":"tag-topstories"},"share_on_mastodon":{"url":"https:\/\/pubeurope.com\/@se\/115819441235826746","error":""},"_links":{"self":[{"href":"https:\/\/www.europesays.com\/se\/wp-json\/wp\/v2\/posts\/122487","targetHints":{"allow":["GET"]}}],"collection":[{"href":"https:\/\/www.europesays.com\/se\/wp-json\/wp\/v2\/posts"}],"about":[{"href":"https:\/\/www.europesays.com\/se\/wp-json\/wp\/v2\/types\/post"}],"author":[{"embeddable":true,"href":"https:\/\/www.europesays.com\/se\/wp-json\/wp\/v2\/users\/2"}],"replies":[{"embeddable":true,"href":"https:\/\/www.europesays.com\/se\/wp-json\/wp\/v2\/comments?post=122487"}],"version-history":[{"count":0,"href":"https:\/\/www.europesays.com\/se\/wp-json\/wp\/v2\/posts\/122487\/revisions"}],"wp:featuredmedia":[{"embeddable":true,"href":"https:\/\/www.europesays.com\/se\/wp-json\/wp\/v2\/media\/122207"}],"wp:attachment":[{"href":"https:\/\/www.europesays.com\/se\/wp-json\/wp\/v2\/media?parent=122487"}],"wp:term":[{"taxonomy":"category","embeddable":true,"href":"https:\/\/www.europesays.com\/se\/wp-json\/wp\/v2\/categories?post=122487"},{"taxonomy":"post_tag","embeddable":true,"href":"https:\/\/www.europesays.com\/se\/wp-json\/wp\/v2\/tags?post=122487"}],"curies":[{"name":"wp","href":"https:\/\/api.w.org\/{rel}","templated":true}]}}