{"id":122490,"date":"2026-01-01T10:52:35","date_gmt":"2026-01-01T10:52:35","guid":{"rendered":"https:\/\/www.europesays.com\/se\/122490\/"},"modified":"2026-01-01T10:52:35","modified_gmt":"2026-01-01T10:52:35","slug":"helikopter-raddar-akut-sjuk-patient-pa-faro","status":"publish","type":"post","link":"https:\/\/www.europesays.com\/se\/122490\/","title":{"rendered":"Helikopter r\u00e4ddar akut sjuk patient p\u00e5 F\u00e5r\u00f6"},"content":{"rendered":"<p>Fr\u00e5n de misslyckade f\u00f6rs\u00f6ken att l\u00e4gga till vid Broa p\u00e5 F\u00e5r\u00f6 strax efter klockan 07 var f\u00e4rjetrafiken utslagen. Stormbyar p\u00e5 30 meter per sekund gjorde det f\u00f6r riskabelt. D\u00e5 kom larmet.\u00a0Et akut sjukdomsfall fr\u00e5n norra F\u00e5r\u00f6 kr\u00e4vde ambulans. Mikael Pisoni och Lars Svahn, stationerade p\u00e5 ambulansen i Slite, fick larmet. Men de kom inte l\u00e4ngre \u00e4n till f\u00e4rjel\u00e4get i F\u00e5r\u00f6sun<\/p>\n","protected":false},"excerpt":{"rendered":"Fr\u00e5n de misslyckade f\u00f6rs\u00f6ken att l\u00e4gga till vid Broa p\u00e5 F\u00e5r\u00f6 strax efter klockan 07 var f\u00e4rjetrafiken utslagen.&hellip;\n","protected":false},"author":2,"featured_media":122491,"comment_status":"","ping_status":"","sticky":false,"template":"","format":"standard","meta":{"footnotes":""},"categories":[12],"tags":[22,23,26,27,17,21,24,25,28,29,15,16,18,34,31,33,32,30,19,20],"class_list":{"0":"post-122490","1":"post","2":"type-post","3":"status-publish","4":"format-standard","5":"has-post-thumbnail","7":"category-sverige","8":"tag-breaking-news","9":"tag-breakingnews","10":"tag-featured-news","11":"tag-featurednews","12":"tag-headlines","13":"tag-huvudnyheter","14":"tag-latest-news","15":"tag-latestnews","16":"tag-main-news","17":"tag-mainnews","18":"tag-news","19":"tag-nyheter","20":"tag-rubriker","21":"tag-se","22":"tag-svenska","23":"tag-sverige","24":"tag-sweden","25":"tag-swedish","26":"tag-top-stories","27":"tag-topstories"},"share_on_mastodon":{"url":"https:\/\/pubeurope.com\/@se\/115819469311170022","error":""},"_links":{"self":[{"href":"https:\/\/www.europesays.com\/se\/wp-json\/wp\/v2\/posts\/122490","targetHints":{"allow":["GET"]}}],"collection":[{"href":"https:\/\/www.europesays.com\/se\/wp-json\/wp\/v2\/posts"}],"about":[{"href":"https:\/\/www.europesays.com\/se\/wp-json\/wp\/v2\/types\/post"}],"author":[{"embeddable":true,"href":"https:\/\/www.europesays.com\/se\/wp-json\/wp\/v2\/users\/2"}],"replies":[{"embeddable":true,"href":"https:\/\/www.europesays.com\/se\/wp-json\/wp\/v2\/comments?post=122490"}],"version-history":[{"count":0,"href":"https:\/\/www.europesays.com\/se\/wp-json\/wp\/v2\/posts\/122490\/revisions"}],"wp:featuredmedia":[{"embeddable":true,"href":"https:\/\/www.europesays.com\/se\/wp-json\/wp\/v2\/media\/122491"}],"wp:attachment":[{"href":"https:\/\/www.europesays.com\/se\/wp-json\/wp\/v2\/media?parent=122490"}],"wp:term":[{"taxonomy":"category","embeddable":true,"href":"https:\/\/www.europesays.com\/se\/wp-json\/wp\/v2\/categories?post=122490"},{"taxonomy":"post_tag","embeddable":true,"href":"https:\/\/www.europesays.com\/se\/wp-json\/wp\/v2\/tags?post=122490"}],"curies":[{"name":"wp","href":"https:\/\/api.w.org\/{rel}","templated":true}]}}