{"id":122492,"date":"2026-01-01T10:53:34","date_gmt":"2026-01-01T10:53:34","guid":{"rendered":"https:\/\/www.europesays.com\/se\/122492\/"},"modified":"2026-01-01T10:53:34","modified_gmt":"2026-01-01T10:53:34","slug":"tv-serien-stranger-things-tar-slut-efter-ett-artionde-det-lamnar-ett-tomrum-vastnyland","status":"publish","type":"post","link":"https:\/\/www.europesays.com\/se\/122492\/","title":{"rendered":"Tv-serien Stranger Things tar slut efter ett \u00e5rtionde: \u201dDet l\u00e4mnar ett tomrum\u201d | V\u00e4stnyland"},"content":{"rendered":"<ul class=\"aw-1jjocuh iJTSwP yle__article__list yle__article__list--ul\">\n<li class=\"aw-1j7gwms gNYKfi\">Det sista avsnittet av Netflix-serien Stranger Things har sl\u00e4ppts efter att fans v\u00e4ntat i \u00f6ver tre \u00e5r p\u00e5 den avslutande s\u00e4songen.<\/li>\n<li class=\"aw-1j7gwms gNYKfi\">Serien \u00e4r en global succ\u00e9 som f\u00f6renar generationer. Den lockar tittare med 80-talsnostalgi och har gjort gammal musik popul\u00e4r p\u00e5 nytt.<\/li>\n<li class=\"aw-1j7gwms gNYKfi\">F\u00f6r m\u00e5nga fans som f\u00f6ljt serien under tio \u00e5rs tid k\u00e4nns slutet vemodigt och l\u00e4mnar ett tomrum efter sig.<\/li>\n<\/ul>\n<p class=\"aw-1gybjub aw-1p7kakr kEtdKx cEmitX yle__article__paragraph\">Efter tio \u00e5r och fem s\u00e4songer har det sista avsnittet av Netflix globala succ\u00e9 Stranger Things sl\u00e4ppts. Den tv\u00e5 timmar l\u00e5nga finalen, som sl\u00e4pptes klockan 3 i natt finsk tid, avslutar den sista s\u00e4songen som seriens fans v\u00e4ntat p\u00e5 i \u00f6ver tre \u00e5r.<\/p>\n<p><img decoding=\"async\" alt=\"Ung kvinna i ort h\u00e5r p\u00e5 \u00e4ng med m\u00e4nniskor i bakgrunden.\" src=\"https:\/\/www.europesays.com\/se\/wp-content\/uploads\/2026\/01\/39-10982016436a7189a710.jpeg\" loading=\"lazy\" class=\"aw-1l9m598 hKVVvP\"\/><\/p>\n<p>\u00d6ppna bildvisare<\/p>\n<p>Sk\u00e5despelaren Millie Bobbie Brown som karakt\u00e4ren Eleven. Selander tror att Stranger Things kommer blir en av de serier som hon i framtiden kommer att \u00e5terv\u00e4nda till. Bild: Courtesy of Netflix<\/p>\n<p class=\"aw-1gybjub aw-1p7kakr kEtdKx cEmitX yle__article__paragraph\">Eken\u00e4sbon <strong class=\"aw-ak79eh KyCXm yle__article__strong\">Charlotta Selander<\/strong>, som f\u00f6ljt serien med sin ton\u00e5rsson, \u00e4r en av dem som sett fram emot den femte och sista s\u00e4songen.<\/p>\n<p class=\"aw-1gybjub aw-1p7kakr kEtdKx cEmitX yle__article__paragraph\">\u2013 Det \u00e4r roligt att serien blivit en gemensam grej f\u00f6r oss, s\u00e4ger hon.<\/p>\n<p class=\"aw-1gybjub aw-1p7kakr kEtdKx cEmitX yle__article__paragraph\">Tittare har dessutom beh\u00f6vt v\u00e4nta mellan s\u00e4songens avsnitt, d\u00e5 del ett sl\u00e4pptes i slutet av november och del tv\u00e5 f\u00f6rst annandag jul.<\/p>\n<p class=\"aw-1gybjub aw-1p7kakr kEtdKx cEmitX yle__article__paragraph\">Selander och hennes son v\u00e4ntade ivrigt tillsammans mellan avsnittssl\u00e4ppen.<\/p>\n<p class=\"aw-1gybjub aw-1p7kakr kEtdKx cEmitX yle__article__paragraph\">\u2013 Vi blev ot\u00e5liga under julen d\u00e5 vi hade g\u00e4ster och ville se de nya avsnitten, s\u00e4ger hon.<\/p>\n<ul class=\"aw-1jjocuh iJTSwP yle__article__list yle__article__list--ul\">\n<li class=\"aw-1j7gwms gNYKfi\">\u00c4r en originalserie i fem s\u00e4songer av streamingtj\u00e4nsten Netflix.<\/li>\n<li class=\"aw-1j7gwms gNYKfi\">Skapades av de amerikanska br\u00f6derna Ross och Matt Duffer och hade premi\u00e4r 2016.<\/li>\n<li class=\"aw-1j7gwms gNYKfi\">\u00c4r en blandning av genrerna science fiction, skr\u00e4ck, drama och mysterium.<\/li>\n<li class=\"aw-1j7gwms gNYKfi\">Utspelar sig p\u00e5 1980-talet i den fiktiva sm\u00e5staden Hawkins i Indiana, USA.<\/li>\n<li class=\"aw-1j7gwms gNYKfi\">Serien inleds med ett mystiskt f\u00f6rsvinnande av en ung pojke, vars v\u00e4nner f\u00f6rs\u00f6ker hitta honom med hj\u00e4lp av en nyfunnen v\u00e4n som har \u00f6vernaturliga krafter.<\/li>\n<li class=\"aw-1j7gwms gNYKfi\">Handlar i stort s\u00e4tt om en grupp barn, n\u00e5gra ton\u00e5ringar, en mamma och stadens polischef som bek\u00e4mpar \u00f6vernaturliga varelser och alternativa dimensioner.<\/li>\n<li class=\"aw-1j7gwms gNYKfi\">Samtidigt som karakt\u00e4rerna sl\u00e5ss mot de onda, tampas de med vardagliga problem som mobbning, att v\u00e4xa upp, mental oh\u00e4lsa, k\u00e4rlek, sorg och familjerelationer.<\/li>\n<li class=\"aw-1j7gwms gNYKfi\">I rollerna syns bland annat Winona Ryder, David Harbour, Millie Bobby Brown, Finn Wolfhard och Sadie Sink.<\/li>\n<li class=\"aw-1j7gwms gNYKfi\">K\u00e4lla: <a class=\"aw-iao6s4 iHOxEa yle__article__link\" href=\"https:\/\/strangerthings.fandom.com\/wiki\/Stranger_Things\" role=\"link\" rel=\"nofollow noopener\" target=\"_blank\">Stranger Things<\/a>.<\/li>\n<\/ul>\n<p class=\"aw-1gybjub aw-1p7kakr kEtdKx cEmitX yle__article__paragraph\">En till som v\u00e4ntat p\u00e5 seriens sista s\u00e4song \u00e4r 23-\u00e5riga <strong class=\"aw-ak79eh KyCXm yle__article__strong\">Helen Lintunen<\/strong> fr\u00e5n Eken\u00e4s. Hon har f\u00f6ljt serien sedan 2016 d\u00e5 den f\u00f6rsta s\u00e4songen sl\u00e4pptes och har alltid l\u00e4ngtat med sp\u00e4nning efter n\u00e4sta s\u00e4song.<\/p>\n<p class=\"aw-1gybjub aw-1p7kakr kEtdKx cEmitX yle__article__paragraph\">\u2013 Efter varje avsnitt t\u00e4nker jag att jag m\u00e5ste se n\u00e4sta direkt, s\u00e4ger hon.<\/p>\n<p><img decoding=\"async\" alt=\"Kvinna st\u00e5r utomhus med sn\u00f6 i bakgrunden. \" src=\"https:\/\/www.europesays.com\/se\/wp-content\/uploads\/2026\/01\/39-15751196952502765bf5.jpeg\" loading=\"lazy\" class=\"aw-1l9m598 hKVVvP\"\/><\/p>\n<p>\u00d6ppna bildvisare<\/p>\n<p>Ing\u00e5bon Helen Lintunen gillar framf\u00f6rallt sp\u00e4nningen, humorn och musiken i serien. Hennes favoritkarakt\u00e4r \u00e4r Dustin Henderson, men hon gillar ocks\u00e5 att f\u00f6lja med rollfigurerna Nancy Wheeler och Jonathan Byers.  Bild: Astrid Nurmi \/ Yle<\/p>\n<p class=\"aw-1gybjub aw-1p7kakr kEtdKx cEmitX yle__article__paragraph\">Serien har idag totalt \u00f6ver <a class=\"aw-iao6s4 iHOxEa yle__article__link\" href=\"https:\/\/variety.com\/2025\/tv\/news\/stranger-things-stats-views-rewatched-scenes-1236615396\/\" role=\"link\" rel=\"nofollow noopener\" target=\"_blank\">1,2 miljarder visningar.<\/a> Efter premi\u00e4ren av s\u00e4song 5 visades de f\u00f6rsta avsnitten n\u00e4stan 60 miljoner g\u00e5nger p\u00e5 fem dagar. Dessutom blev Stranger Things <a class=\"aw-iao6s4 iHOxEa yle__article__link\" href=\"https:\/\/about.netflix.com\/en\/news\/stranger-things-by-the-numbers-a-phenomenon-shaped-by-friendship-adventures\" role=\"link\" rel=\"nofollow noopener\" target=\"_blank\">den mest sedda serien<\/a> p\u00e5 streamingtj\u00e4nsten i 90 l\u00e4nder, d\u00e4ribland \u00e4ven Finland.<\/p>\n<p>Diskussioner och teorier fl\u00f6dar p\u00e5 n\u00e4tet<\/p>\n<p class=\"aw-1gybjub aw-1p7kakr kEtdKx cEmitX yle__article__paragraph\">Sj\u00e4lv har Lintunen v\u00e4ntat med att se delar av den sista s\u00e4songen tillsammans med sin pojkv\u00e4n. Hon har d\u00e4rf\u00f6r undvikit sociala medier f\u00f6r att inte h\u00e4ndelser i serien avsl\u00f6jas innan hon sett den. Enligt Lintunen \u00e4r det l\u00e4tt h\u00e4nt eftersom Stranger Things diskuteras mycket p\u00e5 n\u00e4tet.<\/p>\n<p class=\"aw-1gybjub aw-1p7kakr kEtdKx cEmitX yle__article__paragraph\">\u2013 Diskussionerna bidrar till att bygga upp sp\u00e4nningen, s\u00e4ger hon.<\/p>\n<p class=\"aw-1gybjub aw-1p7kakr kEtdKx cEmitX yle__article__paragraph\">\u00c4ven Selander har m\u00e4rkt att serien diskuteras flitigt p\u00e5 sociala medier och menar att det \u00e4r om\u00f6jligt att undvika teorier och spekulationer i sitt fl\u00f6de.<\/p>\n<p class=\"aw-1gybjub aw-1p7kakr kEtdKx cEmitX yle__article__paragraph\">\u2013 Det \u00e4r kul att diskutera igenom teorier med min son, s\u00e4ger hon.<\/p>\n<p><img decoding=\"async\" alt=\"En grupp ungdomar ser seri\u00f6sa ut och ser ner mot kameran. En h\u00e5ller i en motors\u00e5g.\" src=\"https:\/\/www.europesays.com\/se\/wp-content\/uploads\/2026\/01\/39-1558628692462053c69a.jpeg\" loading=\"lazy\" class=\"aw-1l9m598 hKVVvP\"\/><\/p>\n<p>\u00d6ppna bildvisare<\/p>\n<p>Eken\u00e4sbon Charlotta Selanders favoritkarakt\u00e4r \u00e4r Steve Harrington (tredje fr\u00e5n h\u00f6ger) som enligt henne har utvecklats mycket under seriens g\u00e5ng. Rollfiguren Steve, som gestaltas av Joe Keery, \u00e4r en favorit bland fansen. Karakt\u00e4rens \u00f6de i serien har skapat oroliga spekulationer p\u00e5 n\u00e4tet. Bild:  Netflix \/ AOP<\/p>\n<p class=\"aw-1gybjub aw-1p7kakr kEtdKx cEmitX yle__article__paragraph\">Ocks\u00e5 karakt\u00e4rerna, som Selander menar att \u00e4r viktiga f\u00f6r serien, diskuteras flitigt p\u00e5 n\u00e4tet.<\/p>\n<p class=\"aw-1gybjub aw-1p7kakr kEtdKx cEmitX yle__article__paragraph\">\u2013 M\u00e4nniskor \u00e4r v\u00e4ldigt engagerade och beskriver hur f\u00f6rst\u00f6rda de skulle bli om deras favoritkarakt\u00e4r skulle d\u00f6, s\u00e4ger hon.<\/p>\n<p>Fullt av nostalgi och 80-talsmusik<\/p>\n<p class=\"aw-1gybjub aw-1p7kakr kEtdKx cEmitX yle__article__paragraph\">Helen Lintunen tror att en orsak till seriens popularitet \u00e4r att den behandlar teman som k\u00e4nns relevanta f\u00f6r m\u00e5nga ungdomar, som mental oh\u00e4lsa och v\u00e4nskapsrelationer.<\/p>\n<p class=\"aw-1gybjub aw-1p7kakr kEtdKx cEmitX yle__article__paragraph\">Samtidigt tror hon att lite \u00e4ldre tittare lockas av seriens k\u00e4nsla av nostalgi, eftersom den utspelar sig p\u00e5 80-talet och refererar till andra filmer.<\/p>\n<p class=\"aw-1gybjub aw-1p7kakr kEtdKx cEmitX yle__article__paragraph\">\u2013 Den har ocks\u00e5 v\u00e4ldigt bra 80-tals musik, s\u00e4ger hon.<\/p>\n<p><img decoding=\"async\" alt=\"Drew Barrymore pussar E.T. i filmen E.T.the Extra-Terrestrial \" src=\"https:\/\/www.europesays.com\/se\/wp-content\/uploads\/2026\/01\/39-5370395c40656c3fb8b.jpeg\" loading=\"lazy\" class=\"aw-1l9m598 hKVVvP\"\/><\/p>\n<p>\u00d6ppna bildvisare<\/p>\n<p>Bild fr\u00e5n filmen E.T. Seriens skapare har l\u00e5tit sig inspireras av 80-talets popul\u00e4rkultur som de sj\u00e4lva vuxit upp med. Bland annat refererar serien filmerna Alien (1979), E.T. (1982), The Goonies (1985) och Ghostbusters (1984). Bild: Universal\/Courtesy Everett \/ Everett Collection\/All Over Press<\/p>\n<p class=\"aw-1gybjub aw-1p7kakr kEtdKx cEmitX yle__article__paragraph\">N\u00e5gra av Lintunens favoritl\u00e5tar som \u00e4r med i serien \u00e4r I Think We\u2019re Alone Now av Tiffany, Running Up That Hill av Kate Bush och Separate Ways av Journey.<\/p>\n<p class=\"aw-1gybjub aw-1p7kakr kEtdKx cEmitX yle__article__paragraph\">Lintunen ber\u00e4ttar att flera av l\u00e5tarna som spelats i serien blivit virala efter\u00e5t. Ett exempel p\u00e5 detta \u00e4r l\u00e5ten av Kate Bush som steg till plats 38 p\u00e5 musikappen Spotifys globala topplista, f\u00f6r f\u00f6rsta g\u00e5ngen n\u00e5gonsin.<\/p>\n<p class=\"aw-1gybjub aw-1p7kakr kEtdKx cEmitX yle__article__paragraph\">\u2013 N\u00e4r jag h\u00f6r den l\u00e5ten kastas jag tillbaka till sommaren d\u00e5 jag s\u00e5g den fj\u00e4rde s\u00e4songen av Stranger Things d\u00e4r l\u00e5ten var med, s\u00e4ger Lintunen.<\/p>\n<p><img decoding=\"async\" alt=\"Ung r\u00f6dh\u00e5rig tjej sitter besv\u00e4rat p\u00e5 en stol p\u00e5 ett kontor.\" src=\"https:\/\/www.europesays.com\/se\/wp-content\/uploads\/2026\/01\/39-1555958691d81e0eec73.jpeg\" loading=\"lazy\" class=\"aw-1l9m598 hKVVvP\"\/><\/p>\n<p>\u00d6ppna bildvisare<\/p>\n<p>Kate Bush l\u00e5t var central f\u00f6r karakt\u00e4ren Max Mayfield (Sadie Sink) i s\u00e4song 4. Generation Z (f\u00f6dda mellan 1997 och 2012) lyssnade p\u00e5 Diana Ross l\u00e5t \u201cUpside Down\u201d med en \u00f6kning av 1 250 procent och p\u00e5 Tiffany\u2019s l\u00e5t \u201cI Think We\u2019re Alone Now.  Bild: Netflix<\/p>\n<p class=\"aw-1gybjub aw-1p7kakr kEtdKx cEmitX yle__article__paragraph\">Ocks\u00e5 Charlotta Selander gillar musiken i serien och tycker att det \u00e4r roligt d\u00e5 ungdomar hittar gamla l\u00e5tar via sociala medier och tror att de \u00e4r nya.<\/p>\n<p class=\"aw-1gybjub aw-1p7kakr kEtdKx cEmitX yle__article__paragraph\">\u2013 Scenen i s\u00e4song fyra d\u00e4r karakt\u00e4ren Eddie Munson spelar Master of Puppets var j\u00e4tteh\u00e4ftig, s\u00e4ger hon.<\/p>\n<p><img decoding=\"async\" alt=\"Eddie Munson spelar elgitarr medan blixten lyser upp himlen i serien Stranger Things.\" src=\"https:\/\/www.europesays.com\/se\/wp-content\/uploads\/2026\/01\/39-1555968691d83019cd02.jpeg\" loading=\"lazy\" class=\"aw-1l9m598 hKVVvP\"\/><\/p>\n<p>\u00d6ppna bildvisare<\/p>\n<p>Fanfavoriten Eddie Munson getaltad av Joseph Quinn. Metallicas Master of Puppets kl\u00e4ttrade upp till Topp 10 listan i Storbritannien efter att ha spelats  i serien. Bild: Courtesy of Netflix<\/p>\n<p class=\"aw-1gybjub aw-1p7kakr kEtdKx cEmitX yle__article__paragraph\">F\u00f6rutom musiken gillar Selander tvisterna i serien och k\u00e4nslan av att aldrig veta hur det kommer g\u00e5.<\/p>\n<p class=\"aw-1gybjub aw-1p7kakr kEtdKx cEmitX yle__article__paragraph\">\u2013 Jag gillar serier d\u00e4r man efter\u00e5t blir och funderar p\u00e5 hur saker egentligen ligger till, s\u00e4ger hon.<\/p>\n<p>\u201dDet blir ett litet tomrum\u201d<\/p>\n<p class=\"aw-1gybjub aw-1p7kakr kEtdKx cEmitX yle__article__paragraph\">Lintunen har tillsammans med m\u00e5nga av seriens yngre fans vuxit upp j\u00e4msides med seriens sk\u00e5despelare, som m\u00e5nga \u00e4r f\u00f6dda mellan 2001 och 2004. Enligt henne var det konstigt att m\u00e4rka i femte s\u00e4songen att karakt\u00e4rerna blivit s\u00e5 stora.<\/p>\n<p class=\"aw-1gybjub aw-1p7kakr kEtdKx cEmitX yle__article__paragraph\">\u2013 Jag har inte t\u00e4nkt p\u00e5 hur unga sk\u00e5despelarna var i b\u00f6rjan eftersom jag sj\u00e4lv var s\u00e5 liten, s\u00e4ger Lintunen.<\/p>\n<p class=\"aw-1gybjub aw-1p7kakr kEtdKx cEmitX yle__article__paragraph\">Enligt henne har det funnits en trygghet i vetskapen om att det kommer en ny s\u00e4song. Lintunen, som annars fr\u00e4mst ser p\u00e5 realityserier, menar att Stranger Things \u00e4r den enda serien som hon f\u00f6ljt l\u00e4nge.<\/p>\n<p class=\"aw-1gybjub aw-1p7kakr kEtdKx cEmitX yle__article__paragraph\">\u2013 Den har fastnat hos mig, s\u00e4ger hon.<\/p>\n<p><img decoding=\"async\" alt=\"Stranger Things huvudsrollsinnehavare poserar f\u00f6r kameror.\" src=\"https:\/\/www.europesays.com\/se\/wp-content\/uploads\/2026\/01\/39-15650326932d7c69616b.jpeg\" loading=\"lazy\" class=\"aw-1l9m598 hKVVvP\"\/><\/p>\n<p>\u00d6ppna bildvisare<\/p>\n<p>Fr\u00e5n v\u00e4nster: Sk\u00e5despelarna Finn Wolfhard (Mike Wheeler), Gaten Matarazzo (Dustin Henderson), Caleb McLaughlin (Lucas Sinclair) och Noah Schnapp (Will Byers) har huvudroller i serien. Lintunen tycker det k\u00e4nns tr\u00e5kigt att serien tar slut och hoppas att det i framtiden kommer en spinoff-serie om n\u00e5gon av karakt\u00e4rerna.   Bild: \/ SplashNews.com<\/p>\n<p class=\"aw-1gybjub aw-1p7kakr kEtdKx cEmitX yle__article__paragraph\">Selander p\u00e5minner om att det alltid kommer nya serier som kan bli n\u00e5got gemensamt f\u00f6r familjen, som exempelvis serien Wednesday. Enligt henne har \u00e4nd\u00e5 serien Wednesday inte lyckats skapa samma intresse och engagemang i familjen<\/p>\n<p class=\"aw-1gybjub aw-1p7kakr kEtdKx cEmitX yle__article__paragraph\">Hon tycker att det k\u00e4nns tr\u00e5kigt att serien tar slut eftersom serien varit en gemensam grej med sonen.<\/p>\n<p class=\"aw-1gybjub aw-1p7kakr kEtdKx cEmitX yle__article__paragraph\">\u2013 Det blir ett litet tomrum, s\u00e4ger hon<\/p>\n<p class=\"aw-1gybjub aw-1p7kakr kEtdKx cEmitX yle__article__paragraph\">K\u00e4llor: <a class=\"aw-iao6s4 iHOxEa yle__article__link\" href=\"https:\/\/www.theguardian.com\/tv-and-radio\/2025\/dec\/02\/stranger-things-season-5-netflix-record\" role=\"link\" rel=\"nofollow noopener\" target=\"_blank\">The Guardian<\/a>, <a class=\"aw-iao6s4 iHOxEa yle__article__link\" href=\"https:\/\/about.netflix.com\/en\/news\/stranger-things-by-the-numbers-a-phenomenon-shaped-by-friendship-adventures\" role=\"link\" rel=\"nofollow noopener\" target=\"_blank\">Netflix<\/a>, <a class=\"aw-iao6s4 iHOxEa yle__article__link\" href=\"https:\/\/variety.com\/2025\/tv\/news\/stranger-things-stats-views-rewatched-scenes-1236615396\/\" role=\"link\" rel=\"nofollow noopener\" target=\"_blank\">Variety<\/a>, <a class=\"aw-iao6s4 iHOxEa yle__article__link\" href=\"https:\/\/strangerthings.fandom.com\/wiki\/Influences_%26_references\" role=\"link\" rel=\"nofollow noopener\" target=\"_blank\">Stranger Things<\/a>.<\/p>\n<p class=\"aw-1gybjub aw-1p7kakr kEtdKx cEmitX yle__article__paragraph\"><strong class=\"aw-ak79eh KyCXm yle__article__strong\">Vad tycker du om serien? Ber\u00e4tta utan att avsl\u00f6ja n\u00e5got f\u00f6r andra!<\/strong><\/p>\n","protected":false},"excerpt":{"rendered":"Det sista avsnittet av Netflix-serien Stranger Things har sl\u00e4ppts efter att fans v\u00e4ntat i \u00f6ver tre \u00e5r p\u00e5&hellip;\n","protected":false},"author":2,"featured_media":122493,"comment_status":"","ping_status":"","sticky":false,"template":"","format":"standard","meta":{"footnotes":""},"categories":[5],"tags":[22,23,26,27,17,21,12920,24,25,28,29,2399,15,16,682,175,18,12921,34,636,7487,31,33,32,30,19,20,956,105,681],"class_list":{"0":"post-122492","1":"post","2":"type-post","3":"status-publish","4":"format-standard","5":"has-post-thumbnail","7":"category-rubriker","8":"tag-breaking-news","9":"tag-breakingnews","10":"tag-featured-news","11":"tag-featurednews","12":"tag-headlines","13":"tag-huvudnyheter","14":"tag-kulturella-fenomen","15":"tag-latest-news","16":"tag-latestnews","17":"tag-main-news","18":"tag-mainnews","19":"tag-netflix","20":"tag-news","21":"tag-nyheter","22":"tag-nyland","23":"tag-popularkultur","24":"tag-rubriker","25":"tag-science-fiction-serier","26":"tag-se","27":"tag-sociala-medier","28":"tag-stranger-things","29":"tag-svenska","30":"tag-sverige","31":"tag-sweden","32":"tag-swedish","33":"tag-top-stories","34":"tag-topstories","35":"tag-tv-serier","36":"tag-underhallning","37":"tag-vastnyland"},"share_on_mastodon":{"url":"https:\/\/pubeurope.com\/@se\/115819472731763735","error":""},"_links":{"self":[{"href":"https:\/\/www.europesays.com\/se\/wp-json\/wp\/v2\/posts\/122492","targetHints":{"allow":["GET"]}}],"collection":[{"href":"https:\/\/www.europesays.com\/se\/wp-json\/wp\/v2\/posts"}],"about":[{"href":"https:\/\/www.europesays.com\/se\/wp-json\/wp\/v2\/types\/post"}],"author":[{"embeddable":true,"href":"https:\/\/www.europesays.com\/se\/wp-json\/wp\/v2\/users\/2"}],"replies":[{"embeddable":true,"href":"https:\/\/www.europesays.com\/se\/wp-json\/wp\/v2\/comments?post=122492"}],"version-history":[{"count":0,"href":"https:\/\/www.europesays.com\/se\/wp-json\/wp\/v2\/posts\/122492\/revisions"}],"wp:featuredmedia":[{"embeddable":true,"href":"https:\/\/www.europesays.com\/se\/wp-json\/wp\/v2\/media\/122493"}],"wp:attachment":[{"href":"https:\/\/www.europesays.com\/se\/wp-json\/wp\/v2\/media?parent=122492"}],"wp:term":[{"taxonomy":"category","embeddable":true,"href":"https:\/\/www.europesays.com\/se\/wp-json\/wp\/v2\/categories?post=122492"},{"taxonomy":"post_tag","embeddable":true,"href":"https:\/\/www.europesays.com\/se\/wp-json\/wp\/v2\/tags?post=122492"}],"curies":[{"name":"wp","href":"https:\/\/api.w.org\/{rel}","templated":true}]}}