{"id":122498,"date":"2026-01-01T10:57:07","date_gmt":"2026-01-01T10:57:07","guid":{"rendered":"https:\/\/www.europesays.com\/se\/122498\/"},"modified":"2026-01-01T10:57:07","modified_gmt":"2026-01-01T10:57:07","slug":"lang-vantan-pa-ny-modell-av-mac-pro","status":"publish","type":"post","link":"https:\/\/www.europesays.com\/se\/122498\/","title":{"rendered":"L\u00e5ng v\u00e4ntan p\u00e5 ny modell av Mac Pro"},"content":{"rendered":"<p>Det har nu g\u00e5tt tv\u00e5 och ett halvt \u00e5r sedan vi senast fick se en uppgradering av Mac Pro, Apples dyraste dator.<\/p>\n<p>Med tanke p\u00e5 att den nuvarande modellen \u201dbara\u201d har ett M2 Ultra-chipp \u00e4r det ingen vidare klok id\u00e9 att k\u00f6pa ett exemplar i dagsl\u00e4get, men <a href=\"https:\/\/idg.digidip.net\/visit?url=https:\/\/www.macrumors.com\/2025\/12\/31\/mac-pro-2026-situation\/&amp;currurl=https:\/\/www.macworld.se\/article\/3021505\/lang-vantan-pa-ny-modell-av-mac-pro.html&amp;ref=7-1-3021505-1-0-0-0-0\" data-type=\"link\" data-id=\"https:\/\/www.macrumors.com\/2025\/12\/31\/mac-pro-2026-situation\/\" rel=\"nofollow noopener\" data-subtag=\"7-1-3021505-1-0-0-0-0\" data-domain-name=\"macrumors\" target=\"_blank\">Macrumors<\/a> st\u00e4ller fr\u00e5gan om det \u00f6verhuvudtaget blir n\u00e5gon uppgradering.<\/p>\n<p>Under 2026 kommer Apple att lansera M5 Ultra, men f\u00f6r n\u00e4rvarande tycks det chippet bara vara aktuellt f\u00f6r Mac Studio.<\/p>\n<p>Det kan emellertid vara v\u00e4rt att p\u00e5minna om att det g\u00e5tt \u00e4nnu l\u00e4ngre tid mellan uppgraderingarna tidigare, s\u00e5 det finns fortfarande en chans att Apple v\u00e4ljer att sl\u00e4ppa en ny modell av Mac Pro s\u00e5 sm\u00e5ningom.<\/p>\n","protected":false},"excerpt":{"rendered":"Det har nu g\u00e5tt tv\u00e5 och ett halvt \u00e5r sedan vi senast fick se en uppgradering av Mac&hellip;\n","protected":false},"author":2,"featured_media":122499,"comment_status":"","ping_status":"","sticky":false,"template":"","format":"standard","meta":{"footnotes":""},"categories":[66],"tags":[80,78,79,34,31,33,32,30,81,84,83,82],"class_list":{"0":"post-122498","1":"post","2":"type-post","3":"status-publish","4":"format-standard","5":"has-post-thumbnail","7":"category-vetenskap-och-teknik","8":"tag-science","9":"tag-science-and-technology","10":"tag-scienceandtechnology","11":"tag-se","12":"tag-svenska","13":"tag-sverige","14":"tag-sweden","15":"tag-swedish","16":"tag-technology","17":"tag-teknik","18":"tag-vetenskap","19":"tag-vetenskapteknik"},"share_on_mastodon":{"url":"https:\/\/pubeurope.com\/@se\/115819488393780183","error":""},"_links":{"self":[{"href":"https:\/\/www.europesays.com\/se\/wp-json\/wp\/v2\/posts\/122498","targetHints":{"allow":["GET"]}}],"collection":[{"href":"https:\/\/www.europesays.com\/se\/wp-json\/wp\/v2\/posts"}],"about":[{"href":"https:\/\/www.europesays.com\/se\/wp-json\/wp\/v2\/types\/post"}],"author":[{"embeddable":true,"href":"https:\/\/www.europesays.com\/se\/wp-json\/wp\/v2\/users\/2"}],"replies":[{"embeddable":true,"href":"https:\/\/www.europesays.com\/se\/wp-json\/wp\/v2\/comments?post=122498"}],"version-history":[{"count":0,"href":"https:\/\/www.europesays.com\/se\/wp-json\/wp\/v2\/posts\/122498\/revisions"}],"wp:featuredmedia":[{"embeddable":true,"href":"https:\/\/www.europesays.com\/se\/wp-json\/wp\/v2\/media\/122499"}],"wp:attachment":[{"href":"https:\/\/www.europesays.com\/se\/wp-json\/wp\/v2\/media?parent=122498"}],"wp:term":[{"taxonomy":"category","embeddable":true,"href":"https:\/\/www.europesays.com\/se\/wp-json\/wp\/v2\/categories?post=122498"},{"taxonomy":"post_tag","embeddable":true,"href":"https:\/\/www.europesays.com\/se\/wp-json\/wp\/v2\/tags?post=122498"}],"curies":[{"name":"wp","href":"https:\/\/api.w.org\/{rel}","templated":true}]}}