{"id":122520,"date":"2026-01-01T11:31:11","date_gmt":"2026-01-01T11:31:11","guid":{"rendered":"https:\/\/www.europesays.com\/se\/122520\/"},"modified":"2026-01-01T11:31:11","modified_gmt":"2026-01-01T11:31:11","slug":"1800-talskyrka-i-amsterdam-forstord-i-brand","status":"publish","type":"post","link":"https:\/\/www.europesays.com\/se\/122520\/","title":{"rendered":"1800-talskyrka i Amsterdam f\u00f6rst\u00f6rd i brand"},"content":{"rendered":"<p>share-arrowDela<\/p>\n<p>unsaveSpara<\/p>\n<p>expand-left<\/p>\n<p>helsk\u00e4rm<img decoding=\"async\" class=\"image-asset hyperion-css-u06ts1\" data-test-tag=\"image-asset\" src=\"https:\/\/www.europesays.com\/se\/wp-content\/uploads\/2026\/01\/b04aec8e-7b46-4162-8ec7-c2b37fb48335.jpeg\"  alt=\"Amsterdamborna betraktar det \u00f6vert\u00e4nda tornet i Vondelkerk p\u00e5 ny\u00e5rsnatten.\"  loading=\"eager\" fetchpriority=\"high\" style=\"aspect-ratio:1900 \/ 1267\"\/>Amsterdamborna betraktar det \u00f6vert\u00e4nda tornet i Vondelkerk p\u00e5 ny\u00e5rsnatten. Foto: Laurens Niezen\/Anp\/AFP\/TT<\/p>\n<p class=\"hyperion-css-1shl3oz\" data-test-tag=\"lead-text\">En kraftig brand utbr\u00f6t kring midnatt p\u00e5 ny\u00e5rsaftonen i 1800-talskyrkan Vondelkerk i centrala Amsterdam.<\/p>\n<p class=\"hyperion-css-1v9qo5x\">Det 50 meter h\u00f6ga tornet har kollapsat och taket har skadats sv\u00e5rt. Boende i n\u00e4rheten av den 154 \u00e5r gamla kyrkan har f\u00e5tt evakueras.<\/p>\n<p class=\"hyperion-css-1v9qo5x\">N\u00e5gon orsak till branden i turistattraktionen \u00e4r inte klarlagd, men de nederl\u00e4ndska myndigheterna rapporterar om ett allm\u00e4nt st\u00f6kigt ny\u00e5rsfirande.<\/p>\n<p class=\"hyperion-css-1v9qo5x\">Strax efter midnatt gick en landsomfattande varning ut p\u00e5 mobiltelefoner som avr\u00e5dde m\u00e4nniskor f\u00f6r att ringa \u00f6verbelastade r\u00e4ddningstj\u00e4nster om inte liv var i fara.<\/p>\n<p class=\"hyperion-css-1v9qo5x\">Flera h\u00e4ndelser med attacker mot polis och brandm\u00e4n har rapporterats och tv\u00e5 personer, en 17-\u00e5rig pojke och en 38-\u00e5rig man, har d\u00f6dats i fyrverkeriolyckor.<\/p>\n","protected":false},"excerpt":{"rendered":"share-arrowDela unsaveSpara expand-left helsk\u00e4rmAmsterdamborna betraktar det \u00f6vert\u00e4nda tornet i Vondelkerk p\u00e5 ny\u00e5rsnatten. Foto: Laurens Niezen\/Anp\/AFP\/TT En kraftig brand&hellip;\n","protected":false},"author":2,"featured_media":122521,"comment_status":"","ping_status":"","sticky":false,"template":"","format":"standard","meta":{"footnotes":""},"categories":[14],"tags":[22,23,26,27,17,21,24,25,28,29,15,16,18,34,31,33,32,30,19,20,51,52,53,54],"class_list":{"0":"post-122520","1":"post","2":"type-post","3":"status-publish","4":"format-standard","5":"has-post-thumbnail","7":"category-varlden","8":"tag-breaking-news","9":"tag-breakingnews","10":"tag-featured-news","11":"tag-featurednews","12":"tag-headlines","13":"tag-huvudnyheter","14":"tag-latest-news","15":"tag-latestnews","16":"tag-main-news","17":"tag-mainnews","18":"tag-news","19":"tag-nyheter","20":"tag-rubriker","21":"tag-se","22":"tag-svenska","23":"tag-sverige","24":"tag-sweden","25":"tag-swedish","26":"tag-top-stories","27":"tag-topstories","28":"tag-varlden","29":"tag-world","30":"tag-world-news","31":"tag-worldnews"},"share_on_mastodon":{"url":"https:\/\/pubeurope.com\/@se\/115819622244765503","error":""},"_links":{"self":[{"href":"https:\/\/www.europesays.com\/se\/wp-json\/wp\/v2\/posts\/122520","targetHints":{"allow":["GET"]}}],"collection":[{"href":"https:\/\/www.europesays.com\/se\/wp-json\/wp\/v2\/posts"}],"about":[{"href":"https:\/\/www.europesays.com\/se\/wp-json\/wp\/v2\/types\/post"}],"author":[{"embeddable":true,"href":"https:\/\/www.europesays.com\/se\/wp-json\/wp\/v2\/users\/2"}],"replies":[{"embeddable":true,"href":"https:\/\/www.europesays.com\/se\/wp-json\/wp\/v2\/comments?post=122520"}],"version-history":[{"count":0,"href":"https:\/\/www.europesays.com\/se\/wp-json\/wp\/v2\/posts\/122520\/revisions"}],"wp:featuredmedia":[{"embeddable":true,"href":"https:\/\/www.europesays.com\/se\/wp-json\/wp\/v2\/media\/122521"}],"wp:attachment":[{"href":"https:\/\/www.europesays.com\/se\/wp-json\/wp\/v2\/media?parent=122520"}],"wp:term":[{"taxonomy":"category","embeddable":true,"href":"https:\/\/www.europesays.com\/se\/wp-json\/wp\/v2\/categories?post=122520"},{"taxonomy":"post_tag","embeddable":true,"href":"https:\/\/www.europesays.com\/se\/wp-json\/wp\/v2\/tags?post=122520"}],"curies":[{"name":"wp","href":"https:\/\/api.w.org\/{rel}","templated":true}]}}