{"id":122522,"date":"2026-01-01T11:32:07","date_gmt":"2026-01-01T11:32:07","guid":{"rendered":"https:\/\/www.europesays.com\/se\/122522\/"},"modified":"2026-01-01T11:32:07","modified_gmt":"2026-01-01T11:32:07","slug":"01-januari-12-15-trafikkontroll-vasterbottens-lan-polisen-se","status":"publish","type":"post","link":"https:\/\/www.europesays.com\/se\/122522\/","title":{"rendered":"01 januari 12.15, Trafikkontroll, V\u00e4sterbottens l\u00e4n &#8211; polisen.se"},"content":{"rendered":"<ol>\n<li><a href=\"https:\/\/news.google.com\/rss\/articles\/CBMipgFBVV95cUxNX3VNVHJoZllIbHZYaU9tSm5YeVp2U09teUQ3LXVtMFVqOE42WDZhTG9aaXdrNi14WG9LcTZHdjlXNmxDMjlMY2doSXZMVEtjZE5RWXh5cGk1Nl9aaVk3c0hITVU3eThLRl9JSW1HNnVNWFdnVllnNjJmdDE4akc2RmlqS1BhOU42Z2tvblZhOVpuem1uWFRVU3FhOHlveHFhd0gtNmlB?oc=5\" target=\"_blank\" rel=\"nofollow noopener\">01 januari 12.15, Trafikkontroll, V\u00e4sterbottens l\u00e4n<\/a>&nbsp;&nbsp;polisen.se<\/li>\n<li><a href=\"https:\/\/news.google.com\/rss\/articles\/CBMixwFBVV95cUxPZGZFSE9xcHFZLUFPSUJGUHBZX1lDUXBUNWotSXJIYUw3aERFa29qLW5oandpb2RGTmZHekl2RTNTSTNPUHVxTnF4RWxfa1hjSGpCUTFBWm1SZ3pOOWFoaFJBOW1teUZpTUtQNXk1T2JvcU1OdHdJR092Tmkxd3hvWXpYYVpqSURUbWlDRTRxc0NJSkZPNklvdmFJaU14V1F2cmJsMlR2eEpheXFmN3NPaDExNm9lcjBsSW5kcHp0VHFib2FDYzl3?oc=5\" target=\"_blank\" rel=\"nofollow noopener\">En brand har uppst\u00e5tt i en bostad i ett l\u00e4genhetshus i Sundbyberg.<\/a>&nbsp;&nbsp;Brottsplatskartan.se<\/li>\n<li><a href=\"https:\/\/news.google.com\/rss\/articles\/CBMirwFBVV95cUxObDRsNWlEMFJta2o0cGlnQ0ktaUFUTVRfU043ODhLcWZyV0IxbERFcmRkYzFKQW5uSUlkdkVIWF9UbmEwSVFCYWUyVWE5UkZfa242c1I2X2FKV2NoeEVrVjZUN2NmYWZod2tCYnhfTXgxd05YRWc0dDc0S0lzTVZ3XzlFMThYZjBCYkpMNmJWTjlxVFd6NE1xVFQ5ZHpLdmtJU2dPbG1QU0VpYXpSbFpR?oc=5\" target=\"_blank\" rel=\"nofollow noopener\">Ume\u00e5, resultat efter trafikkontroller<\/a>&nbsp;&nbsp;Brottsplatskartan.se<\/li>\n<li><a href=\"https:\/\/news.google.com\/rss\/articles\/CBMi5wFBVV95cUxNZUZSUkxkYlpJenpIdlhPYm1aSU5tQWpiWlNLM3h5UlQwajlaS05PYmtPd21KUG4yZVBNa0p0bDBYdzNuZWprSjJmbS1DTHFjaDNVb2J0R2pDSVJEZklhcFZTWFFZRGpISDVmUGVtNEtlNmlqNzZtUFVOSm9xUjBlVEVOd2lhQzlvMzdaMDFMOExlN1ZrdVl4WEJicS1VSWd1bFpFSWZfSU5oQ1B5T0MzQmEtaFIzem5zc0tBUF9ydjVGZFhycHQ0ZmlMS1lmeGM0NzNfd1NXcVcwNDVTckpvR2N6M0ozVkU?oc=5\" target=\"_blank\" rel=\"nofollow noopener\">V\u00e4sterbotten, ett urval av polisens arbete i trafiken<\/a>&nbsp;&nbsp;Brottsplatskartan.se<\/li>\n<li><a href=\"https:\/\/news.google.com\/rss\/articles\/CBMiwgFBVV95cUxOcmVnUDNOR0phNUtDVTBPNWFxWmFRWXd5ekl2NWRfb0FzWV9Od0NHRFNaZFlWSk14NXkzUkhiS2NMS1NiWklhY0k0RkQyTllEQVhVRURqZ1VPWkt4dmY2SXdSUmJwZzFyTTQzRTIxbkRoRDRCSWgtMnExdzBsREdiVkhsY2VBMkt4X2lSaGN1bTNvekhFeFJqNXMwWXpJX0FEUFRWd1pOSXViaWNfNXhCdmktTlRzcGN4c0I3bjQweU1iQQ?oc=5\" target=\"_blank\" rel=\"nofollow noopener\">En singelolycka har intr\u00e4ffat p\u00e5 E 20 vid Borasj\u00f6n.<\/a>&nbsp;&nbsp;Brottsplatskartan.se<\/li>\n<\/ol>\n","protected":false},"excerpt":{"rendered":"01 januari 12.15, Trafikkontroll, V\u00e4sterbottens l\u00e4n&nbsp;&nbsp;polisen.se En brand har uppst\u00e5tt i en bostad i ett l\u00e4genhetshus i Sundbyberg.&nbsp;&nbsp;Brottsplatskartan.se&hellip;\n","protected":false},"author":2,"featured_media":54,"comment_status":"","ping_status":"","sticky":false,"template":"","format":"standard","meta":{"footnotes":""},"categories":[12],"tags":[22,23,26,27,17,21,24,25,28,29,15,16,18,34,31,33,32,30,19,20],"class_list":{"0":"post-122522","1":"post","2":"type-post","3":"status-publish","4":"format-standard","5":"has-post-thumbnail","7":"category-sverige","8":"tag-breaking-news","9":"tag-breakingnews","10":"tag-featured-news","11":"tag-featurednews","12":"tag-headlines","13":"tag-huvudnyheter","14":"tag-latest-news","15":"tag-latestnews","16":"tag-main-news","17":"tag-mainnews","18":"tag-news","19":"tag-nyheter","20":"tag-rubriker","21":"tag-se","22":"tag-svenska","23":"tag-sverige","24":"tag-sweden","25":"tag-swedish","26":"tag-top-stories","27":"tag-topstories"},"share_on_mastodon":{"url":"https:\/\/pubeurope.com\/@se\/115819626270803871","error":""},"_links":{"self":[{"href":"https:\/\/www.europesays.com\/se\/wp-json\/wp\/v2\/posts\/122522","targetHints":{"allow":["GET"]}}],"collection":[{"href":"https:\/\/www.europesays.com\/se\/wp-json\/wp\/v2\/posts"}],"about":[{"href":"https:\/\/www.europesays.com\/se\/wp-json\/wp\/v2\/types\/post"}],"author":[{"embeddable":true,"href":"https:\/\/www.europesays.com\/se\/wp-json\/wp\/v2\/users\/2"}],"replies":[{"embeddable":true,"href":"https:\/\/www.europesays.com\/se\/wp-json\/wp\/v2\/comments?post=122522"}],"version-history":[{"count":0,"href":"https:\/\/www.europesays.com\/se\/wp-json\/wp\/v2\/posts\/122522\/revisions"}],"wp:featuredmedia":[{"embeddable":true,"href":"https:\/\/www.europesays.com\/se\/wp-json\/wp\/v2\/media\/54"}],"wp:attachment":[{"href":"https:\/\/www.europesays.com\/se\/wp-json\/wp\/v2\/media?parent=122522"}],"wp:term":[{"taxonomy":"category","embeddable":true,"href":"https:\/\/www.europesays.com\/se\/wp-json\/wp\/v2\/categories?post=122522"},{"taxonomy":"post_tag","embeddable":true,"href":"https:\/\/www.europesays.com\/se\/wp-json\/wp\/v2\/tags?post=122522"}],"curies":[{"name":"wp","href":"https:\/\/api.w.org\/{rel}","templated":true}]}}