{"id":122523,"date":"2026-01-01T11:33:14","date_gmt":"2026-01-01T11:33:14","guid":{"rendered":"https:\/\/www.europesays.com\/se\/122523\/"},"modified":"2026-01-01T11:33:14","modified_gmt":"2026-01-01T11:33:14","slug":"henrik-rydstrom-till-mls","status":"publish","type":"post","link":"https:\/\/www.europesays.com\/se\/122523\/","title":{"rendered":"Henrik Rydstr\u00f6m till MLS"},"content":{"rendered":"<p>share-arrowDela<\/p>\n<p>unsaveSpara<\/p>\n<p>expand-left<\/p>\n<p>helsk\u00e4rm<img decoding=\"async\" class=\"image-asset hyperion-css-u06ts1\" data-test-tag=\"image-asset\" src=\"https:\/\/www.europesays.com\/se\/wp-content\/uploads\/2026\/01\/0c666308-d834-4f6e-aea4-78bed4f18f43.jpeg\"  alt=\"49-\u00e5rige Henrik Rydstr\u00f6m blir ny huvudtr\u00e4nare f\u00f6r MLS-klubben Columbus Crew. Arkivbild.\"  loading=\"eager\" fetchpriority=\"high\" style=\"aspect-ratio:1900 \/ 1267\"\/>49-\u00e5rige Henrik Rydstr\u00f6m blir ny huvudtr\u00e4nare f\u00f6r MLS-klubben Columbus Crew. Arkivbild. Foto: Andreas Hillergren\/TT<\/p>\n<p class=\"hyperion-css-1v9qo5x\">Den tidigare Malm\u00f6 FF-tr\u00e4naren Henrik Rydstr\u00f6m blir huvudtr\u00e4nare f\u00f6r MLS-klubben Columbus Crew, rapporterar Sportbladet.<\/p>\n<p class=\"hyperion-css-1v9qo5x\">\u201dJag \u00e4r glad \u00f6ver att f\u00e5 tr\u00e4na The Crew\u201d, s\u00e4ger Rydstr\u00f6m i ett uttalande p\u00e5 klubbens sajt, d\u00e4r han ocks\u00e5 s\u00e4ger att klubben \u00e4r \u201dspeciell\u201d.<\/p>\n<p class=\"hyperion-css-1v9qo5x\">Rydstr\u00f6m fick sparken fr\u00e5n jobbet som huvudtr\u00e4nare f\u00f6r Malm\u00f6 FF i september 2025 efter att ha haft jobbet sedan december 2022.<\/p>\n","protected":false},"excerpt":{"rendered":"share-arrowDela unsaveSpara expand-left helsk\u00e4rm49-\u00e5rige Henrik Rydstr\u00f6m blir ny huvudtr\u00e4nare f\u00f6r MLS-klubben Columbus Crew. Arkivbild. Foto: Andreas Hillergren\/TT Den&hellip;\n","protected":false},"author":2,"featured_media":122524,"comment_status":"","ping_status":"","sticky":false,"template":"","format":"standard","meta":{"footnotes":""},"categories":[5],"tags":[22,23,26,27,17,21,24,25,28,29,15,16,18,34,31,33,32,30,19,20],"class_list":{"0":"post-122523","1":"post","2":"type-post","3":"status-publish","4":"format-standard","5":"has-post-thumbnail","7":"category-rubriker","8":"tag-breaking-news","9":"tag-breakingnews","10":"tag-featured-news","11":"tag-featurednews","12":"tag-headlines","13":"tag-huvudnyheter","14":"tag-latest-news","15":"tag-latestnews","16":"tag-main-news","17":"tag-mainnews","18":"tag-news","19":"tag-nyheter","20":"tag-rubriker","21":"tag-se","22":"tag-svenska","23":"tag-sverige","24":"tag-sweden","25":"tag-swedish","26":"tag-top-stories","27":"tag-topstories"},"share_on_mastodon":{"url":"https:\/\/pubeurope.com\/@se\/115819629965331330","error":""},"_links":{"self":[{"href":"https:\/\/www.europesays.com\/se\/wp-json\/wp\/v2\/posts\/122523","targetHints":{"allow":["GET"]}}],"collection":[{"href":"https:\/\/www.europesays.com\/se\/wp-json\/wp\/v2\/posts"}],"about":[{"href":"https:\/\/www.europesays.com\/se\/wp-json\/wp\/v2\/types\/post"}],"author":[{"embeddable":true,"href":"https:\/\/www.europesays.com\/se\/wp-json\/wp\/v2\/users\/2"}],"replies":[{"embeddable":true,"href":"https:\/\/www.europesays.com\/se\/wp-json\/wp\/v2\/comments?post=122523"}],"version-history":[{"count":0,"href":"https:\/\/www.europesays.com\/se\/wp-json\/wp\/v2\/posts\/122523\/revisions"}],"wp:featuredmedia":[{"embeddable":true,"href":"https:\/\/www.europesays.com\/se\/wp-json\/wp\/v2\/media\/122524"}],"wp:attachment":[{"href":"https:\/\/www.europesays.com\/se\/wp-json\/wp\/v2\/media?parent=122523"}],"wp:term":[{"taxonomy":"category","embeddable":true,"href":"https:\/\/www.europesays.com\/se\/wp-json\/wp\/v2\/categories?post=122523"},{"taxonomy":"post_tag","embeddable":true,"href":"https:\/\/www.europesays.com\/se\/wp-json\/wp\/v2\/tags?post=122523"}],"curies":[{"name":"wp","href":"https:\/\/api.w.org\/{rel}","templated":true}]}}