{"id":122527,"date":"2026-01-01T11:38:33","date_gmt":"2026-01-01T11:38:33","guid":{"rendered":"https:\/\/www.europesays.com\/se\/122527\/"},"modified":"2026-01-01T11:38:33","modified_gmt":"2026-01-01T11:38:33","slug":"cme-hojer-marginalkrav-igen-silverpriset-tar-en-small","status":"publish","type":"post","link":"https:\/\/www.europesays.com\/se\/122527\/","title":{"rendered":"CME h\u00f6jer marginalkrav igen \u2013\u00a0silverpriset tar en sm\u00e4ll"},"content":{"rendered":"<p>Derivatplattformen CME v\u00e4ntas h\u00f6ja marginalkraven f\u00f6r terminskontrakt med \u00e4delmetaller f\u00f6r andra g\u00e5ngen p\u00e5 en vecka. Detta efter en sv\u00e4ngig period d\u00e4r priserna f\u00f6r bland annat guld\u2026<\/p>\n<p>Omni \u00e4r politiskt obundna och oberoende. Vi str\u00e4var efter att ge fler perspektiv p\u00e5 nyheterna. Har du fr\u00e5gor eller synpunkter kring v\u00e5r rapportering? <a href=\"https:\/\/omniekonomi.se\/cme-hojer-marginalkrav-igen-silverpriset-tar-en-small\/a\/mailto:eko@omni.se\" class=\"ArticleActions_contactLink__W2F1M\" rel=\"nofollow noopener\" target=\"_blank\">Kontakta redaktionen<\/a><\/p>\n","protected":false},"excerpt":{"rendered":"Derivatplattformen CME v\u00e4ntas h\u00f6ja marginalkraven f\u00f6r terminskontrakt med \u00e4delmetaller f\u00f6r andra g\u00e5ngen p\u00e5 en vecka. Detta efter en&hellip;\n","protected":false},"author":2,"featured_media":122528,"comment_status":"","ping_status":"","sticky":false,"template":"","format":"standard","meta":{"footnotes":""},"categories":[65],"tags":[72,12924,70,71,291,548,34,6974,31,33,32,30],"class_list":{"0":"post-122527","1":"post","2":"type-post","3":"status-publish","4":"format-standard","5":"has-post-thumbnail","7":"category-ekonomi","8":"tag-business","9":"tag-cme-group","10":"tag-economy","11":"tag-ekonomi","12":"tag-energi-ravaror","13":"tag-guld","14":"tag-se","15":"tag-silver","16":"tag-svenska","17":"tag-sverige","18":"tag-sweden","19":"tag-swedish"},"share_on_mastodon":{"url":"https:\/\/pubeurope.com\/@se\/115819649684316444","error":""},"_links":{"self":[{"href":"https:\/\/www.europesays.com\/se\/wp-json\/wp\/v2\/posts\/122527","targetHints":{"allow":["GET"]}}],"collection":[{"href":"https:\/\/www.europesays.com\/se\/wp-json\/wp\/v2\/posts"}],"about":[{"href":"https:\/\/www.europesays.com\/se\/wp-json\/wp\/v2\/types\/post"}],"author":[{"embeddable":true,"href":"https:\/\/www.europesays.com\/se\/wp-json\/wp\/v2\/users\/2"}],"replies":[{"embeddable":true,"href":"https:\/\/www.europesays.com\/se\/wp-json\/wp\/v2\/comments?post=122527"}],"version-history":[{"count":0,"href":"https:\/\/www.europesays.com\/se\/wp-json\/wp\/v2\/posts\/122527\/revisions"}],"wp:featuredmedia":[{"embeddable":true,"href":"https:\/\/www.europesays.com\/se\/wp-json\/wp\/v2\/media\/122528"}],"wp:attachment":[{"href":"https:\/\/www.europesays.com\/se\/wp-json\/wp\/v2\/media?parent=122527"}],"wp:term":[{"taxonomy":"category","embeddable":true,"href":"https:\/\/www.europesays.com\/se\/wp-json\/wp\/v2\/categories?post=122527"},{"taxonomy":"post_tag","embeddable":true,"href":"https:\/\/www.europesays.com\/se\/wp-json\/wp\/v2\/tags?post=122527"}],"curies":[{"name":"wp","href":"https:\/\/api.w.org\/{rel}","templated":true}]}}