{"id":122534,"date":"2026-01-01T11:46:38","date_gmt":"2026-01-01T11:46:38","guid":{"rendered":"https:\/\/www.europesays.com\/se\/122534\/"},"modified":"2026-01-01T11:46:38","modified_gmt":"2026-01-01T11:46:38","slug":"saab-far-miljardorder-fran-litauens-forsvar","status":"publish","type":"post","link":"https:\/\/www.europesays.com\/se\/122534\/","title":{"rendered":"Saab f\u00e5r miljardorder fr\u00e5n Litauens f\u00f6rsvar"},"content":{"rendered":"<p>Saab f\u00e5r en order fr\u00e5n Litauens f\u00f6rsvar p\u00e5 robotar till luftv\u00e4rnssystemet RBS 70 av typen Bolide, enligt ett pressmeddelande. Orderv\u00e4rdet uppg\u00e5r till 3 miljarder kronor.<\/p>\n<p>\u2013 Med den h\u00e4r ordern forts\u00e4tter vi att st\u00f6dja Litauens f\u00f6rsvarsmakt med v\u00e5ra v\u00e4rldsledande RBS 70-robotar, s\u00e4ger G\u00f6rgen Johansson, chef f\u00f6r Saabs aff\u00e4rsomr\u00e5de Dynamics i en kommentar.<\/p>\n<p>Leveranserna \u00e4r planerade till 2028\u20132032 och omfattas av ett befintligt ramavtal mellan Saab, svenska F\u00f6rsvarets materielverk och Litauens f\u00f6rsvarsministerium.<\/p>\n<p>Omni \u00e4r politiskt obundna och oberoende. Vi str\u00e4var efter att ge fler perspektiv p\u00e5 nyheterna. Har du fr\u00e5gor eller synpunkter kring v\u00e5r rapportering? <a href=\"https:\/\/omni.se\/saab-far-miljardorder-fran-litauen\/a\/mailto:redaktion@omni.se\" class=\"ArticleActions_contactLink__W2F1M\" rel=\"nofollow noopener\" target=\"_blank\">Kontakta redaktionen<\/a><\/p>\n","protected":false},"excerpt":{"rendered":"Saab f\u00e5r en order fr\u00e5n Litauens f\u00f6rsvar p\u00e5 robotar till luftv\u00e4rnssystemet RBS 70 av typen Bolide, enligt ett&hellip;\n","protected":false},"author":2,"featured_media":122535,"comment_status":"","ping_status":"","sticky":false,"template":"","format":"standard","meta":{"footnotes":""},"categories":[65],"tags":[72,70,71,868,2456,2200,34,31,33,32,30],"class_list":{"0":"post-122534","1":"post","2":"type-post","3":"status-publish","4":"format-standard","5":"has-post-thumbnail","7":"category-ekonomi","8":"tag-business","9":"tag-economy","10":"tag-ekonomi","11":"tag-forsvarsindustri","12":"tag-litauen","13":"tag-saab","14":"tag-se","15":"tag-svenska","16":"tag-sverige","17":"tag-sweden","18":"tag-swedish"},"share_on_mastodon":{"url":"https:\/\/pubeurope.com\/@se\/115819681302555595","error":""},"_links":{"self":[{"href":"https:\/\/www.europesays.com\/se\/wp-json\/wp\/v2\/posts\/122534","targetHints":{"allow":["GET"]}}],"collection":[{"href":"https:\/\/www.europesays.com\/se\/wp-json\/wp\/v2\/posts"}],"about":[{"href":"https:\/\/www.europesays.com\/se\/wp-json\/wp\/v2\/types\/post"}],"author":[{"embeddable":true,"href":"https:\/\/www.europesays.com\/se\/wp-json\/wp\/v2\/users\/2"}],"replies":[{"embeddable":true,"href":"https:\/\/www.europesays.com\/se\/wp-json\/wp\/v2\/comments?post=122534"}],"version-history":[{"count":0,"href":"https:\/\/www.europesays.com\/se\/wp-json\/wp\/v2\/posts\/122534\/revisions"}],"wp:featuredmedia":[{"embeddable":true,"href":"https:\/\/www.europesays.com\/se\/wp-json\/wp\/v2\/media\/122535"}],"wp:attachment":[{"href":"https:\/\/www.europesays.com\/se\/wp-json\/wp\/v2\/media?parent=122534"}],"wp:term":[{"taxonomy":"category","embeddable":true,"href":"https:\/\/www.europesays.com\/se\/wp-json\/wp\/v2\/categories?post=122534"},{"taxonomy":"post_tag","embeddable":true,"href":"https:\/\/www.europesays.com\/se\/wp-json\/wp\/v2\/tags?post=122534"}],"curies":[{"name":"wp","href":"https:\/\/api.w.org\/{rel}","templated":true}]}}