{"id":122538,"date":"2026-01-01T11:48:28","date_gmt":"2026-01-01T11:48:28","guid":{"rendered":"https:\/\/www.europesays.com\/se\/122538\/"},"modified":"2026-01-01T11:48:28","modified_gmt":"2026-01-01T11:48:28","slug":"misstankt-mord-nara-frolunda-torg","status":"publish","type":"post","link":"https:\/\/www.europesays.com\/se\/122538\/","title":{"rendered":"Misst\u00e4nkt mord n\u00e4ra Fr\u00f6lunda torg"},"content":{"rendered":"<p>En teknisk unders\u00f6kning p\u00e5g\u00e5r p\u00e5 platsen och polisens arbete forts\u00e4tter i omr\u00e5det.<\/p>\n<p>\u2013 Vi har ett st\u00f6rre bostadsomr\u00e5de i anslutning till platsen och vi knackar d\u00f6rr f\u00f6r att f\u00f6rs\u00f6ka f\u00e5 in vittnesuppgifter, s\u00e4ger Jennifer Last presstalesperson p\u00e5 polisen.<\/p>\n<p>Mannen hittades skadad utomhus och omst\u00e4ndigheterna kring h\u00e4ndelsen \u00e4r \u00e4nnu oklara. <\/p>\n<p>\u2013 Eftersom det \u00e4r v\u00e4ldigt oklara omst\u00e4ndigheter s\u00e5 har en f\u00f6runders\u00f6kning om mord inletts, s\u00e4ger Jennifer Last. <\/p>\n<p>Texten uppdateras.<\/p>\n","protected":false},"excerpt":{"rendered":"En teknisk unders\u00f6kning p\u00e5g\u00e5r p\u00e5 platsen och polisens arbete forts\u00e4tter i omr\u00e5det. \u2013 Vi har ett st\u00f6rre bostadsomr\u00e5de&hellip;\n","protected":false},"author":2,"featured_media":793,"comment_status":"","ping_status":"","sticky":false,"template":"","format":"standard","meta":{"footnotes":""},"categories":[12],"tags":[22,23,26,27,17,21,24,25,28,29,15,16,18,34,31,33,32,30,19,20],"class_list":{"0":"post-122538","1":"post","2":"type-post","3":"status-publish","4":"format-standard","5":"has-post-thumbnail","7":"category-sverige","8":"tag-breaking-news","9":"tag-breakingnews","10":"tag-featured-news","11":"tag-featurednews","12":"tag-headlines","13":"tag-huvudnyheter","14":"tag-latest-news","15":"tag-latestnews","16":"tag-main-news","17":"tag-mainnews","18":"tag-news","19":"tag-nyheter","20":"tag-rubriker","21":"tag-se","22":"tag-svenska","23":"tag-sverige","24":"tag-sweden","25":"tag-swedish","26":"tag-top-stories","27":"tag-topstories"},"share_on_mastodon":{"url":"https:\/\/pubeurope.com\/@se\/115819689022436212","error":""},"_links":{"self":[{"href":"https:\/\/www.europesays.com\/se\/wp-json\/wp\/v2\/posts\/122538","targetHints":{"allow":["GET"]}}],"collection":[{"href":"https:\/\/www.europesays.com\/se\/wp-json\/wp\/v2\/posts"}],"about":[{"href":"https:\/\/www.europesays.com\/se\/wp-json\/wp\/v2\/types\/post"}],"author":[{"embeddable":true,"href":"https:\/\/www.europesays.com\/se\/wp-json\/wp\/v2\/users\/2"}],"replies":[{"embeddable":true,"href":"https:\/\/www.europesays.com\/se\/wp-json\/wp\/v2\/comments?post=122538"}],"version-history":[{"count":0,"href":"https:\/\/www.europesays.com\/se\/wp-json\/wp\/v2\/posts\/122538\/revisions"}],"wp:featuredmedia":[{"embeddable":true,"href":"https:\/\/www.europesays.com\/se\/wp-json\/wp\/v2\/media\/793"}],"wp:attachment":[{"href":"https:\/\/www.europesays.com\/se\/wp-json\/wp\/v2\/media?parent=122538"}],"wp:term":[{"taxonomy":"category","embeddable":true,"href":"https:\/\/www.europesays.com\/se\/wp-json\/wp\/v2\/categories?post=122538"},{"taxonomy":"post_tag","embeddable":true,"href":"https:\/\/www.europesays.com\/se\/wp-json\/wp\/v2\/tags?post=122538"}],"curies":[{"name":"wp","href":"https:\/\/api.w.org\/{rel}","templated":true}]}}