{"id":122539,"date":"2026-01-01T11:49:06","date_gmt":"2026-01-01T11:49:06","guid":{"rendered":"https:\/\/www.europesays.com\/se\/122539\/"},"modified":"2026-01-01T11:49:06","modified_gmt":"2026-01-01T11:49:06","slug":"01-januari-03-40-valdtakt-uppsala-lan-polisen-se","status":"publish","type":"post","link":"https:\/\/www.europesays.com\/se\/122539\/","title":{"rendered":"01 januari 03.40, V\u00e5ldt\u00e4kt, Uppsala l\u00e4n &#8211; polisen.se"},"content":{"rendered":"<ol>\n<li><a href=\"https:\/\/news.google.com\/rss\/articles\/CBMilgFBVV95cUxPZUpDamE2U3Fqa29TUXJaS3JIWE1OdFhvS3Y4QjQ2UGZNUEJfRnVHaFgxaUVBQVN0akZBb1I5NGh4YWRveUp3bkRNQ1Q1MTRYbEpqaDNSOC1BZEZpQkc0RGlPQ1FPZnJnNUFkZnlzS1dubER2X1lVSl9CUnRaQ3pKX19MVUNnaFlfS3J4Y0lvOWh5T3lXMHc?oc=5\" target=\"_blank\" rel=\"nofollow noopener\">01 januari 03.40, V\u00e5ldt\u00e4kt, Uppsala l\u00e4n<\/a>&nbsp;&nbsp;polisen.se<\/li>\n<li><a href=\"https:\/\/news.google.com\/rss\/articles\/CBMiZEFVX3lxTE1wX0s3REVmb05XeXMzZllCXzd0SG1QQmkzYjRzdlZZRFFCcEZFLWZhMHlEZVZFdFlSbndrbjFQaTUtS3hPRTU0TmhhZjlOb0RUTFJhVGlacThlRXNtenJrQW9TelU?oc=5\" target=\"_blank\" rel=\"nofollow noopener\">Kvinna v\u00e5ldtagen p\u00e5 krog \u2013 man anh\u00e5llen<\/a>&nbsp;&nbsp;Nerikes Allehanda<\/li>\n<li><a href=\"https:\/\/news.google.com\/rss\/articles\/CBMiigFBVV95cUxQajE2M3NNOEFycnFCV1h1ajlQSnlsWjQtczdRNHUtZ2s5UmRLSHZ5b255ZzU2WFNRQm1TM1FFbng3UkNHazlkN0dWX09qTGJPSW9TbG5BWF9CWl80YVlCMWlNSVduS1NEMVdlX3hfUnZjSmk3Mks5blo3ZlVIOWpRd21HTC0wemlMa2c?oc=5\" target=\"_blank\" rel=\"nofollow noopener\">Man misst\u00e4nks ha v\u00e5ldtagit kvinna<\/a>&nbsp;&nbsp;Aftonbladet<\/li>\n<li><a href=\"https:\/\/news.google.com\/rss\/articles\/CBMipwFBVV95cUxObzJmQjZ2dUx2Umtwa0NyV0dCeGVidHFsS2pOTW56NjYxWXdyR3Mxb3JqazU5WUNhdmxOeGEyY0V0V0ZMdU5kSUw1YWJLc2RzRjVwUC1oSFVaeDAwVUpINlE0ai1SRnRpbGJlRXJHTDVNUE5ZWmI0SGZ5WnVVQy1JSlJaTURGZEZWd0hYLVZYMjExc3pWLTNvbndnVlZ6UklOYjN2Q1RxUQ?oc=5\" target=\"_blank\" rel=\"nofollow noopener\">Man gripen f\u00f6r v\u00e5ldt\u00e4kt under ny\u00e5rsnatten: \u201dKommer h\u00f6ra flera vittnen\u201d<\/a>&nbsp;&nbsp;Sveriges Radio<\/li>\n<li><a href=\"https:\/\/news.google.com\/rss\/articles\/CBMic0FVX3lxTE1OOEg1eVRieU01U1MwZTJHMkg2UUozRno1SFFnMEM1QlNVUDBEWWpyanBoRW1tTzZEa2lURkNCZ2ZJRnFfeDI4eGRWaDZOU2Z6QXZINzUxZFN5TWJTT2pvRVdyRHRzU0tEWGZacUN5OFkzLXM?oc=5\" target=\"_blank\" rel=\"nofollow noopener\">Misst\u00e4nkt v\u00e5ldt\u00e4kt i \u00d6rebro \u2013 man anh\u00e5llen<\/a>&nbsp;&nbsp;Omni<\/li>\n<\/ol>\n","protected":false},"excerpt":{"rendered":"01 januari 03.40, V\u00e5ldt\u00e4kt, Uppsala l\u00e4n&nbsp;&nbsp;polisen.se Kvinna v\u00e5ldtagen p\u00e5 krog \u2013 man anh\u00e5llen&nbsp;&nbsp;Nerikes Allehanda Man misst\u00e4nks ha v\u00e5ldtagit&hellip;\n","protected":false},"author":2,"featured_media":54,"comment_status":"","ping_status":"","sticky":false,"template":"","format":"standard","meta":{"footnotes":""},"categories":[5],"tags":[22,23,26,27,17,21,24,25,28,29,15,16,18,34,31,33,32,30,19,20],"class_list":{"0":"post-122539","1":"post","2":"type-post","3":"status-publish","4":"format-standard","5":"has-post-thumbnail","7":"category-rubriker","8":"tag-breaking-news","9":"tag-breakingnews","10":"tag-featured-news","11":"tag-featurednews","12":"tag-headlines","13":"tag-huvudnyheter","14":"tag-latest-news","15":"tag-latestnews","16":"tag-main-news","17":"tag-mainnews","18":"tag-news","19":"tag-nyheter","20":"tag-rubriker","21":"tag-se","22":"tag-svenska","23":"tag-sverige","24":"tag-sweden","25":"tag-swedish","26":"tag-top-stories","27":"tag-topstories"},"share_on_mastodon":{"url":"https:\/\/pubeurope.com\/@se\/115819692840827613","error":""},"_links":{"self":[{"href":"https:\/\/www.europesays.com\/se\/wp-json\/wp\/v2\/posts\/122539","targetHints":{"allow":["GET"]}}],"collection":[{"href":"https:\/\/www.europesays.com\/se\/wp-json\/wp\/v2\/posts"}],"about":[{"href":"https:\/\/www.europesays.com\/se\/wp-json\/wp\/v2\/types\/post"}],"author":[{"embeddable":true,"href":"https:\/\/www.europesays.com\/se\/wp-json\/wp\/v2\/users\/2"}],"replies":[{"embeddable":true,"href":"https:\/\/www.europesays.com\/se\/wp-json\/wp\/v2\/comments?post=122539"}],"version-history":[{"count":0,"href":"https:\/\/www.europesays.com\/se\/wp-json\/wp\/v2\/posts\/122539\/revisions"}],"wp:featuredmedia":[{"embeddable":true,"href":"https:\/\/www.europesays.com\/se\/wp-json\/wp\/v2\/media\/54"}],"wp:attachment":[{"href":"https:\/\/www.europesays.com\/se\/wp-json\/wp\/v2\/media?parent=122539"}],"wp:term":[{"taxonomy":"category","embeddable":true,"href":"https:\/\/www.europesays.com\/se\/wp-json\/wp\/v2\/categories?post=122539"},{"taxonomy":"post_tag","embeddable":true,"href":"https:\/\/www.europesays.com\/se\/wp-json\/wp\/v2\/tags?post=122539"}],"curies":[{"name":"wp","href":"https:\/\/api.w.org\/{rel}","templated":true}]}}