{"id":122542,"date":"2026-01-01T11:57:09","date_gmt":"2026-01-01T11:57:09","guid":{"rendered":"https:\/\/www.europesays.com\/se\/122542\/"},"modified":"2026-01-01T11:57:09","modified_gmt":"2026-01-01T11:57:09","slug":"rusning-till-kop-av-forsvarssprayer-efter-kvinnomorden","status":"publish","type":"post","link":"https:\/\/www.europesays.com\/se\/122542\/","title":{"rendered":"Rusning till k\u00f6p av f\u00f6rsvarssprayer efter kvinnomorden"},"content":{"rendered":"<p>Tv\u00e5 kvinnor har m\u00f6rdats under julhelgen.\u00a0<\/p>\n<p>Nu har f\u00f6rs\u00e4ljningen av f\u00f6rsvarssprayer skjutit i h\u00f6jden.<\/p>\n<p>\u201dAntagligen blir m\u00e5nga medvetna om b\u00e5de sin egna men framf\u00f6r allt familj och v\u00e4nners s\u00e4kerhet\u201d, skriver Bj\u00f6rn Hansson p\u00e5 sajten Bodyguard till Expressen.\u00a0<\/p>\n<p><img   alt=\"\"\/><\/p>\n<p>F\u00f6rsvarssprej \u00e4r en typ av laglig pepparsprej.<\/p>\n<p>Foto: BODYGUARD \/ BODYGUARD.SE<\/p>\n<p>\u00d6ppna bild i helsk\u00e4rm<\/p>\n<p>P\u00e5 juldagen m\u00f6rdades <a href=\"https:\/\/www.expressen.se\/nyheter\/sverige\/garningsmannen-i-boden-var-i-huset-i-over-tre-timmar\/\" rel=\"nofollow noopener\" target=\"_blank\">en kvinna i 55-\u00e5rs\u00e5ldern i Boden<\/a> av en 22-\u00e5rig man hon inte hade n\u00e5gon k\u00e4nd koppling till.<\/p>\n<p>Artikeln i korthet<\/p>\n<p> Tv\u00e5 kvinnor m\u00f6rdades under julhelgen.<\/p>\n<p> H\u00e4ndelserna har v\u00e4ckt oro och ilska.<\/p>\n<p> F\u00f6rs\u00e4ljningen av f\u00f6rsvarssprayer har \u00f6kat kraftigt hos f\u00f6rs\u00e4ljaren Bodyguard.<\/p>\n<p> Flera butiker har slut p\u00e5 sprayer.<\/p>\n<p>Visa mer<\/p>\n<p>Under natten mot annandagen f\u00f6rsvann en 25-\u00e5rig kvinna i R\u00f6nninge utanf\u00f6r Stockholm. Den 28 december <a href=\"https:\/\/www.expressen.se\/nyheter\/sverige\/polisen-haller-presstraff-om-sokinsatsen-i-ronninge-\/\" rel=\"nofollow noopener\" target=\"_blank\">meddelade polisen att hon hittats d\u00f6d<\/a> och att man misst\u00e4nker mord. 26-\u00e5rige <a href=\"https:\/\/www.expressen.se\/nyheter\/sverige\/vilma-andersson-misstanks-for-styckmordet-i-ronninge-\/\" rel=\"nofollow noopener\" target=\"_blank\">Vilma Andersson<\/a> \u00e4r h\u00e4ktad f\u00f6r mordet.<\/p>\n<p>Morden har f\u00e5tt stor uppm\u00e4rksamhet och v\u00e4ckt b\u00e5de sorg och ilska. Samtidigt har efterfr\u00e5gan p\u00e5 bland annat f\u00f6rsvarssprayer skjutit i h\u00f6jden, enligt \u00e5terf\u00f6rs\u00e4ljaren Bodyguard.nu som specialiserar sig p\u00e5 olika typer av s\u00e4kerhetsprodukter.<\/p>\n<p>\u201dExceptionellt h\u00f6g\u201d<\/p>\n<p>Deras kunder m\u00f6ts av det h\u00e4r meddelandet n\u00e4r man g\u00e5r in p\u00e5 sajten:<\/p>\n<p>\u201dP\u00e5 grund av exceptionellt h\u00f6g efterfr\u00e5gan kan leveranser tillf\u00e4lligt bli n\u00e5got f\u00f6rdr\u00f6jda.\u201d<\/p>\n<p>Bj\u00f6rn Hansson p\u00e5 Bodyguard bekr\u00e4ftar att man m\u00e4rkt av en \u00f6kad efterfr\u00e5gan p\u00e5 f\u00f6rsvarssprayer. Deras f\u00f6rs\u00e4ljningsvolym har \u00f6kat tiofaldigt.<\/p>\n<p>Han tror att uppg\u00e5ngen kan kopplas till de tv\u00e5 morden.\u00a0<\/p>\n<p>\u201dAntagligen blir m\u00e5nga medvetna om b\u00e5de sin egna men framf\u00f6r allt familj och v\u00e4nners s\u00e4kerhet. P\u00e5 samma s\u00e4tt som folk skaffar hemlarm f\u00f6rst efter att de eller n\u00e5gon bekant haft inbrott\u201d, skriver han i ett mejl till Expressen.<\/p>\n<p>Slut p\u00e5 flera st\u00e4llen<\/p>\n<p>Hos flera andra f\u00f6rs\u00e4ljare \u00e4r f\u00f6rsvarssprayerna slut i lager. <a href=\"https:\/\/www.expressen.se\/tagg\/organization\/clas-ohlson\/\" class=\"\" rel=\"nofollow noopener\" target=\"_blank\">Clas Ohlson<\/a> s\u00e4ljer flera olika varianter. Ingen av dem g\u00e5r att k\u00f6pa online.\u00a0<\/p>\n<p>Butikskedjan har inga siffror som visar hur m\u00e5nga sprayer som s\u00e5lts och ifall det skett en \u00f6kning.\u00a0<\/p>\n<p>\u2013 Generellt sett brukar enskilda h\u00e4ndelser kunna ha lokal p\u00e5verkan, men jag har sv\u00e5rt att dra n\u00e5gra slutsatser utifr\u00e5n att enskilda produkter \u00e4r slut, s\u00e4ger Clas Ohlsons kommunikationschef Niklas Carlsson.\u00a0<\/p>\n<p>Fler vill l\u00e4ra sig sj\u00e4lvf\u00f6rsvar<\/p>\n<p>\u00c4ven efterfr\u00e5gan p\u00e5 sj\u00e4lvf\u00f6rsvarskurser har \u00f6kat, enligt Sj\u00e4lvf\u00f6rsvarsskolan i centrala Stockholm. Skolan erbjuder bland annat intensivkurser f\u00f6r kvinnor och grupptr\u00e4ning i sj\u00e4lvf\u00f6rsvar.<\/p>\n<p>\u201dV\u00e5r hemsida slog under f\u00f6reg\u00e5ende helg rekord i antalet unika bes\u00f6kare. Vi har tagit emot fler mejl och samtal \u00e4n n\u00e5gonsin tidigare efter en omskriven tragedi i media. Och d\u00e5 har vi \u00e4nd\u00e5 funnits i snart 15 \u00e5r\u201d, skriver Frida p\u00e5 Sj\u00e4lvf\u00f6rsvarsskolan i ett mejl.<\/p>\n<p>\u00c5rets f\u00f6rsta kurs som anordnas av utbildningscentret blev fullbokad direkt, skriver hon vidare.<\/p>\n<p>\u201dN\u00e4r vi st\u00e4ngde intaget b\u00f6rjade folk ringa och mejla med en helt annan v\u00e4djan och desperation \u00e4n tidigare, s\u00e5 vi valde att \u00f6ppna den igen.\u201d<\/p>\n","protected":false},"excerpt":{"rendered":"Tv\u00e5 kvinnor har m\u00f6rdats under julhelgen.\u00a0 Nu har f\u00f6rs\u00e4ljningen av f\u00f6rsvarssprayer skjutit i h\u00f6jden. \u201dAntagligen blir m\u00e5nga medvetna&hellip;\n","protected":false},"author":2,"featured_media":122543,"comment_status":"","ping_status":"","sticky":false,"template":"","format":"standard","meta":{"footnotes":""},"categories":[12],"tags":[22,23,26,27,17,21,24,25,3048,12658,28,29,15,12855,16,1366,18,34,154,31,33,32,30,19,436,20],"class_list":{"0":"post-122542","1":"post","2":"type-post","3":"status-publish","4":"format-standard","5":"has-post-thumbnail","7":"category-sverige","8":"tag-breaking-news","9":"tag-breakingnews","10":"tag-featured-news","11":"tag-featurednews","12":"tag-headlines","13":"tag-huvudnyheter","14":"tag-latest-news","15":"tag-latestnews","16":"tag-location-boden","17":"tag-location-ronninge","18":"tag-main-news","19":"tag-mainnews","20":"tag-news","21":"tag-newsstory-kvinna-mordad-i-ronninge","22":"tag-nyheter","23":"tag-organization-clas-ohlson","24":"tag-rubriker","25":"tag-se","26":"tag-sections-sverige","27":"tag-svenska","28":"tag-sverige","29":"tag-sweden","30":"tag-swedish","31":"tag-top-stories","32":"tag-topic-valdsbrott-mord","33":"tag-topstories"},"share_on_mastodon":{"url":"https:\/\/pubeurope.com\/@se\/115819724688578665","error":""},"_links":{"self":[{"href":"https:\/\/www.europesays.com\/se\/wp-json\/wp\/v2\/posts\/122542","targetHints":{"allow":["GET"]}}],"collection":[{"href":"https:\/\/www.europesays.com\/se\/wp-json\/wp\/v2\/posts"}],"about":[{"href":"https:\/\/www.europesays.com\/se\/wp-json\/wp\/v2\/types\/post"}],"author":[{"embeddable":true,"href":"https:\/\/www.europesays.com\/se\/wp-json\/wp\/v2\/users\/2"}],"replies":[{"embeddable":true,"href":"https:\/\/www.europesays.com\/se\/wp-json\/wp\/v2\/comments?post=122542"}],"version-history":[{"count":0,"href":"https:\/\/www.europesays.com\/se\/wp-json\/wp\/v2\/posts\/122542\/revisions"}],"wp:featuredmedia":[{"embeddable":true,"href":"https:\/\/www.europesays.com\/se\/wp-json\/wp\/v2\/media\/122543"}],"wp:attachment":[{"href":"https:\/\/www.europesays.com\/se\/wp-json\/wp\/v2\/media?parent=122542"}],"wp:term":[{"taxonomy":"category","embeddable":true,"href":"https:\/\/www.europesays.com\/se\/wp-json\/wp\/v2\/categories?post=122542"},{"taxonomy":"post_tag","embeddable":true,"href":"https:\/\/www.europesays.com\/se\/wp-json\/wp\/v2\/tags?post=122542"}],"curies":[{"name":"wp","href":"https:\/\/api.w.org\/{rel}","templated":true}]}}