{"id":122544,"date":"2026-01-01T11:58:30","date_gmt":"2026-01-01T11:58:30","guid":{"rendered":"https:\/\/www.europesays.com\/se\/122544\/"},"modified":"2026-01-01T11:58:30","modified_gmt":"2026-01-01T11:58:30","slug":"flera-doda-efter-explosion-i-bar-i-alperna-i-schweiz","status":"publish","type":"post","link":"https:\/\/www.europesays.com\/se\/122544\/","title":{"rendered":"Flera d\u00f6da efter explosion i bar i Alperna i Schweiz"},"content":{"rendered":"<p>Publicerad 1 jan 2026 kl 06.51Uppdaterad kl 12.48<\/p>\n<p>\u201dFlera dussin\u201d m\u00e4nniskor befaras ha d\u00f6tt efter en explosionsartad brand p\u00e5 en bar p\u00e5 skidorten Crans-Montana i Schweiz.\u00a0<\/p>\n<p>Det uppger lokal polis p\u00e5 en presskonferens.\u00a0<\/p>\n<p>Omkring 100 personer har skadats.\u00a0<\/p>\n<p><img loading=\"lazy\"   alt=\"\"\/><\/p>\n<p>Branden tros ha startats av pyroteknik.<\/p>\n<p>Foto: Twitter<\/p>\n<p>\u00d6ppna bild i helsk\u00e4rm<img loading=\"lazy\"   alt=\"\"\/><\/p>\n<p>Explosionen intr\u00e4ffade runt klockan 01.30 p\u00e5 ny\u00e5rsnatten p\u00e5 baren Le Constellation.<\/p>\n<p>Foto: ALESSANDRO DELLA VALLE \/ KEYSTONE<\/p>\n<p>\u00d6ppna bild i helsk\u00e4rm<img loading=\"lazy\"   alt=\"\"\/><\/p>\n<p>Presstr\u00e4ff p\u00e5 torsdagen.<\/p>\n<p>Foto: ALESSANDRO DELLA VALLE \/ AP TT NYHETSBYR\u00c5N<\/p>\n<p>\u00d6ppna bild i helsk\u00e4rm<img loading=\"lazy\"   alt=\"\"\/> <\/p>\n<p>Foto: ALESSANDRO DELLA VALLE \/ EPA KEYSTONE<\/p>\n<p>\u00d6ppna bild i helsk\u00e4rm<img loading=\"lazy\"   alt=\"\"\/> <\/p>\n<p>Foto: ALESSANDRO DELLA VALLE \/ AP TT NYHETSBYR\u00c5N<\/p>\n<p>\u00d6ppna bild i helsk\u00e4rm<img loading=\"lazy\"   alt=\"\"\/> <\/p>\n<p>Foto: POLICE CANTONALE VALAISANNE \/ AP TT NYHETSBYR\u00c5N<\/p>\n<p>\u00d6ppna bild i helsk\u00e4rm<\/p>\n<p>Explosionen intr\u00e4ffade runt klockan 01.30 p\u00e5 ny\u00e5rsnatten p\u00e5 baren Le Constellation och kort d\u00e4refter utbr\u00f6t en kraftig brand. \u00d6ver 100 personer, varav m\u00e5nga ungdomar, befann sig i lokalen f\u00f6r att fira in det nya \u00e5ret vid tillf\u00e4llet, skriver <a href=\"https:\/\/news.sky.com\/story\/switzerland-latest-several-killed-after-explosion-at-swiss-ski-resort-bar-reports-13489063\" rel=\"nofollow noopener\" target=\"_blank\">Sky News. <\/a>\u00a0<\/p>\n<p>Sj\u00e4lva baren ligger i en k\u00e4llare, enligt <a href=\"https:\/\/www.blick.ch\/schweiz\/westschweiz\/wallis\/silvester-tragoedie-feuer-tragoedie-in-crans-montana-vs-fordert-tote-und-schwerverletzte-id21561097.html\" rel=\"nofollow noopener\" target=\"_blank\">Blick<\/a>. En tidigare bes\u00f6kare uppger f\u00f6r sajten att det bara fanns en v\u00e4g ut och in i lokalen.<\/p>\n<p>Artikeln i korthet<\/p>\n<p> En explosion och brand intr\u00e4ffade p\u00e5 baren Le Constellation i Crans-Montana p\u00e5 ny\u00e5rsnatten.<\/p>\n<p> Tiotals personer befaras vara d\u00f6da.\u00a0<\/p>\n<p> Cirka 100 personer har skadats, m\u00e5nga allvarligt.<\/p>\n<p> M\u00e5nga av de drabbade uppges vara utl\u00e4ndska turister. Svenska UD har inga uppgifter om drabbade svenskar.<\/p>\n<p> Orsaken \u00e4r oklar, men polisen misst\u00e4nker ingen attack.<\/p>\n<p>Visa merM\u00e5nga d\u00f6da \u2013 flera utl\u00e4ndska\u00a0<\/p>\n<p>\u201dFlera dussin\u201d personer befaras omkommit, uppgav schweizisk polis p\u00e5 en presskonferens under f\u00f6rmiddagen p\u00e5 ny\u00e5rsdagen. Enligt italienska UD, som har haft kontakt med schweiziska myndigheter, r\u00f6r det sig om minst 40 d\u00f6da, skriver italienska La Repubblica.\u00a0<\/p>\n<p>Ytterligare omkring 100 personer uppges ha skadats, s\u00e4ger polisen p\u00e5 presstr\u00e4ffen. M\u00e5nga av dem allvarligt.\u00a0<\/p>\n<p><img loading=\"lazy\"   alt=\"\"\/><\/p>\n<p>Minst tio personer har d\u00f6tt efter en brand i samband med en explosion p\u00e5 en bar i den schweiziska skidorten Crans-Montana natten mot ny\u00e5rsdagen.<\/p>\n<p>Foto: ALESSANDRO DELLA VALLE \/ KEYSTONE<\/p>\n<p>\u00d6ppna bild i helsk\u00e4rm<\/p>\n<p>Arbetet med att identifiering p\u00e5g\u00e5r. Personerna som har d\u00f6tt och skadats kommer sannolikt fr\u00e5n flera olika l\u00e4nder, enligt polisen. Vilka l\u00e4nder det r\u00f6r sig om framg\u00e5r inte.\u00a0<\/p>\n<p>\u201dUD har n\u00e5tts av uppgifterna. Ambassaden i Bern st\u00e5r i kontinuerlig kontakt med lokala myndigheter f\u00f6r att efters\u00f6ka mer information. I nul\u00e4get har vi inga uppgifter om drabbade svenskar\u201d, skriver svenska utrikesdepartementet i ett uttalande till Expressen.<\/p>\n<p>\u2013 Vi s\u00e4tter in betydande resurser nu f\u00f6r att identifiera offren, s\u00e4ger \u00e5klagaren i Valais, B\u00e9atrice Pilloud, p\u00e5 presstr\u00e4ffen.\u00a0<\/p>\n<p>Det \u00e4r inledningsvis oklart vad som orsakade explosionen, men en utredning har inletts.\u00a0<\/p>\n<p>\u2013 Just nu utg\u00e5r vi fr\u00e5n att det r\u00f6r sig om en brand och att det inte p\u00e5 n\u00e5got s\u00e4tt \u00e4r fr\u00e5ga om en attack, s\u00e4ger B\u00e9atrice Pilloud vidare.<\/p>\n<p>Det finns uppgifter om att pyroteknik kan ligga bakom, skriver schweiziska<a href=\"https:\/\/www.rhonefm.ch\/valais\/des-dizaines-de-morts-dans-un-incendie-a-crans-montana--une-helpline-pour-les-familles-1336361\" rel=\"nofollow noopener\" target=\"_blank\"> Rhone FM<\/a>.\u00a0<\/p>\n<p><img loading=\"lazy\"   alt=\"\"\/><\/p>\n<p>En brand br\u00f6t ut och orsakade d\u00f6dsfall och skador under ny\u00e5rsfirandet p\u00e5 en bar i Crans-Montana, Schweiziska Alperna.<\/p>\n<p>Foto: POLICE CANTONALE VALAISANNE \/ AP TT NYHETSBYR\u00c5N<\/p>\n<p>\u00d6ppna bild i helsk\u00e4rmV\u00e4djar: Ta det lugnt\u00a0<\/p>\n<p>Ett intensivt r\u00e4ddningsarbete p\u00e5gick under natten och 40 ambulanser och tio ambulanshelikoptrar larmades till orten.\u00a0<\/p>\n<p>Sjukhus \u00f6ver hela landet har tagit emot skadade patienter. Myndigheterna v\u00e4djar d\u00e4rf\u00f6r till schweizare att ta det lugnt under dagen f\u00f6r att inte riskera att anstr\u00e4nga sjukv\u00e5rden ytterligare.\u00a0<\/p>\n<p>Crans-Montana ligger i de schweiziska <a href=\"https:\/\/www.expressen.se\/tagg\/location\/alperna\/\" class=\"\" rel=\"nofollow noopener\" target=\"_blank\">Alperna<\/a>, 40 kilometer norr om Matterhorn, och \u00e4r en popul\u00e4r skidort i den fransktalande delen av kantonen Valais. Skidorten beskrivs som en internationell s\u00e5dan dit m\u00e5nga turister kommer.\u00a0<\/p>\n<p>Vet du mer om h\u00e4ndelsen?<\/p>\n<p> Kontakta Expressen p\u00e5 tipsa@expressen.se eller skicka SMS till 0790 643 643.<\/p>\n<p><a href=\"https:\/\/www.expressen.se\/nyheter\/har-du-ett-nyhetstips-eller-bilder\/?site=desktop\" rel=\"nofollow noopener\" target=\"_blank\"> H\u00e4r kan du l\u00e4sa mer om hur du tipsar Expressen.<\/a>\u00a0<\/p>\n<p>Visa mer<img alt=\"\"\/>Ljudklippet gick inte att spela upp<\/p>\n<p>F\u00f6rs\u00f6k igen senare<\/p>\n","protected":false},"excerpt":{"rendered":"Publicerad 1 jan 2026 kl 06.51Uppdaterad kl 12.48 \u201dFlera dussin\u201d m\u00e4nniskor befaras ha d\u00f6tt efter en explosionsartad brand&hellip;\n","protected":false},"author":2,"featured_media":122545,"comment_status":"","ping_status":"","sticky":false,"template":"","format":"standard","meta":{"footnotes":""},"categories":[5],"tags":[22,23,26,27,17,21,24,25,12925,2553,28,29,15,16,18,34,55,31,33,32,30,19,20],"class_list":{"0":"post-122544","1":"post","2":"type-post","3":"status-publish","4":"format-standard","5":"has-post-thumbnail","7":"category-rubriker","8":"tag-breaking-news","9":"tag-breakingnews","10":"tag-featured-news","11":"tag-featurednews","12":"tag-headlines","13":"tag-huvudnyheter","14":"tag-latest-news","15":"tag-latestnews","16":"tag-location-alperna","17":"tag-location-schweiz","18":"tag-main-news","19":"tag-mainnews","20":"tag-news","21":"tag-nyheter","22":"tag-rubriker","23":"tag-se","24":"tag-sections-varlden","25":"tag-svenska","26":"tag-sverige","27":"tag-sweden","28":"tag-swedish","29":"tag-top-stories","30":"tag-topstories"},"share_on_mastodon":{"url":"https:\/\/pubeurope.com\/@se\/115819728226768452","error":""},"_links":{"self":[{"href":"https:\/\/www.europesays.com\/se\/wp-json\/wp\/v2\/posts\/122544","targetHints":{"allow":["GET"]}}],"collection":[{"href":"https:\/\/www.europesays.com\/se\/wp-json\/wp\/v2\/posts"}],"about":[{"href":"https:\/\/www.europesays.com\/se\/wp-json\/wp\/v2\/types\/post"}],"author":[{"embeddable":true,"href":"https:\/\/www.europesays.com\/se\/wp-json\/wp\/v2\/users\/2"}],"replies":[{"embeddable":true,"href":"https:\/\/www.europesays.com\/se\/wp-json\/wp\/v2\/comments?post=122544"}],"version-history":[{"count":0,"href":"https:\/\/www.europesays.com\/se\/wp-json\/wp\/v2\/posts\/122544\/revisions"}],"wp:featuredmedia":[{"embeddable":true,"href":"https:\/\/www.europesays.com\/se\/wp-json\/wp\/v2\/media\/122545"}],"wp:attachment":[{"href":"https:\/\/www.europesays.com\/se\/wp-json\/wp\/v2\/media?parent=122544"}],"wp:term":[{"taxonomy":"category","embeddable":true,"href":"https:\/\/www.europesays.com\/se\/wp-json\/wp\/v2\/categories?post=122544"},{"taxonomy":"post_tag","embeddable":true,"href":"https:\/\/www.europesays.com\/se\/wp-json\/wp\/v2\/tags?post=122544"}],"curies":[{"name":"wp","href":"https:\/\/api.w.org\/{rel}","templated":true}]}}