{"id":122553,"date":"2026-01-01T12:38:06","date_gmt":"2026-01-01T12:38:06","guid":{"rendered":"https:\/\/www.europesays.com\/se\/122553\/"},"modified":"2026-01-01T12:38:06","modified_gmt":"2026-01-01T12:38:06","slug":"avslutningen-av-stranger-things-delar-fansen-dummaste-jag-nagonsin-sett","status":"publish","type":"post","link":"https:\/\/www.europesays.com\/se\/122553\/","title":{"rendered":"Avslutningen av \u201dStranger Things\u201d delar fansen: \u201dDummaste jag n\u00e5gonsin sett\u201d"},"content":{"rendered":"<p>Efter n\u00e4stan ett decennium sl\u00e4pptes det sista avsnittet av Netflix \u201dStranger Things\u201d under ny\u00e5rsnatten.<\/p>\n<p>Tittarna \u00e4r som v\u00e4ntat delade i tv\u00e5 l\u00e4ger, enligt The Independent. Vissa tycker att avslutningen var toppen medan andra anser att det var \u201dden dummaste avslutning jag n\u00e5gonsin sett\u201d, som en Stranger Things-fantast uttrycker det i sociala medier. <\/p>\n<p>BBC p\u00e5pekar att en del av seriens skapare Ross och Matt Duffer tycks ha l\u00e4mnat en del till synes sv\u00e5rl\u00f6sta knutar just ol\u00f6sta.<\/p>\n<p>\u2013 Duffer-br\u00f6derna gjorde ett bra jobb och gav publiken vad vi beh\u00f6vde, men kanske inte n\u00f6dv\u00e4ndigtvis vad vi ville ha, s\u00e4ger Liv Valdez, som s\u00e5g finalen p\u00e5 bio i Los Angeles, till BBC.<\/p>\n<p>Omni \u00e4r politiskt obundna och oberoende. Vi str\u00e4var efter att ge fler perspektiv p\u00e5 nyheterna. Har du fr\u00e5gor eller synpunkter kring v\u00e5r rapportering? <a href=\"https:\/\/omni.se\/avslutningen-av-stranger-things-delar-fansen-dumaste-jag-nagonsin-sett\/a\/mailto:redaktion@omni.se\" class=\"ArticleActions_contactLink__W2F1M\" rel=\"nofollow noopener\" target=\"_blank\">Kontakta redaktionen<\/a><\/p>\n","protected":false},"excerpt":{"rendered":"Efter n\u00e4stan ett decennium sl\u00e4pptes det sista avsnittet av Netflix \u201dStranger Things\u201d under ny\u00e5rsnatten. Tittarna \u00e4r som v\u00e4ntat&hellip;\n","protected":false},"author":2,"featured_media":122554,"comment_status":"","ping_status":"","sticky":false,"template":"","format":"standard","meta":{"footnotes":""},"categories":[67],"tags":[104,168,2399,34,12528,31,33,32,30,105],"class_list":{"0":"post-122553","1":"post","2":"type-post","3":"status-publish","4":"format-standard","5":"has-post-thumbnail","7":"category-underhallning","8":"tag-entertainment","9":"tag-film-tv","10":"tag-netflix","11":"tag-se","12":"tag-stranger-things-tv-serie","13":"tag-svenska","14":"tag-sverige","15":"tag-sweden","16":"tag-swedish","17":"tag-underhallning"},"share_on_mastodon":{"url":"https:\/\/pubeurope.com\/@se\/115819885537658678","error":""},"_links":{"self":[{"href":"https:\/\/www.europesays.com\/se\/wp-json\/wp\/v2\/posts\/122553","targetHints":{"allow":["GET"]}}],"collection":[{"href":"https:\/\/www.europesays.com\/se\/wp-json\/wp\/v2\/posts"}],"about":[{"href":"https:\/\/www.europesays.com\/se\/wp-json\/wp\/v2\/types\/post"}],"author":[{"embeddable":true,"href":"https:\/\/www.europesays.com\/se\/wp-json\/wp\/v2\/users\/2"}],"replies":[{"embeddable":true,"href":"https:\/\/www.europesays.com\/se\/wp-json\/wp\/v2\/comments?post=122553"}],"version-history":[{"count":0,"href":"https:\/\/www.europesays.com\/se\/wp-json\/wp\/v2\/posts\/122553\/revisions"}],"wp:featuredmedia":[{"embeddable":true,"href":"https:\/\/www.europesays.com\/se\/wp-json\/wp\/v2\/media\/122554"}],"wp:attachment":[{"href":"https:\/\/www.europesays.com\/se\/wp-json\/wp\/v2\/media?parent=122553"}],"wp:term":[{"taxonomy":"category","embeddable":true,"href":"https:\/\/www.europesays.com\/se\/wp-json\/wp\/v2\/categories?post=122553"},{"taxonomy":"post_tag","embeddable":true,"href":"https:\/\/www.europesays.com\/se\/wp-json\/wp\/v2\/tags?post=122553"}],"curies":[{"name":"wp","href":"https:\/\/api.w.org\/{rel}","templated":true}]}}