{"id":122555,"date":"2026-01-01T12:42:23","date_gmt":"2026-01-01T12:42:23","guid":{"rendered":"https:\/\/www.europesays.com\/se\/122555\/"},"modified":"2026-01-01T12:42:23","modified_gmt":"2026-01-01T12:42:23","slug":"svart-psykiskt-sjuka-slapps-ut-for-tidigt","status":"publish","type":"post","link":"https:\/\/www.europesays.com\/se\/122555\/","title":{"rendered":"Sv\u00e5rt psykiskt sjuka sl\u00e4pps ut f\u00f6r tidigt"},"content":{"rendered":"<p>Sv\u00e5rt psykiskt sjuka borde oftare genomg\u00e5 en riskbed\u00f6mning innan de sl\u00e4pps fr\u00e5n psykiatrisk tv\u00e5ngsv\u00e5rd. Det anser r\u00e4ttspsykiatrikern Marianne Kristiansson som DN har pratat med. <\/p>\n<p>Hon menar att det saknas kompetens om v\u00e5ldstankar och v\u00e5ldsfantasier och hur s\u00e5dan problematik kan utvecklas. Just v\u00e5ldstankar \u00e4r n\u00e5got som b\u00f6r unders\u00f6kas ordentligt innan personer sl\u00e4pps, menar Kristiansson. <\/p>\n<p>\u2013 Om man fr\u00e5gar individer \u00e4r det f\u00f6rv\u00e5nansv\u00e4rt vanligt att de svarar p\u00e5 det, s\u00e4ger hon. <\/p>\n<p>Fr\u00e5gan har aktualiserats efter julens uppm\u00e4rksammade mord p\u00e5 kvinnor i Boden och i R\u00f6nninge. <\/p>\n<p>Omni \u00e4r politiskt obundna och oberoende. Vi str\u00e4var efter att ge fler perspektiv p\u00e5 nyheterna. Har du fr\u00e5gor eller synpunkter kring v\u00e5r rapportering? <a href=\"https:\/\/omni.se\/psykiatriker-svart-psykiskt-sjuka-slapps-ut-for-tidigt\/a\/mailto:redaktion@omni.se\" class=\"ArticleActions_contactLink__W2F1M\" rel=\"nofollow noopener\" target=\"_blank\">Kontakta redaktionen<\/a><\/p>\n","protected":false},"excerpt":{"rendered":"Sv\u00e5rt psykiskt sjuka borde oftare genomg\u00e5 en riskbed\u00f6mning innan de sl\u00e4pps fr\u00e5n psykiatrisk tv\u00e5ngsv\u00e5rd. Det anser r\u00e4ttspsykiatrikern Marianne&hellip;\n","protected":false},"author":2,"featured_media":122556,"comment_status":"","ping_status":"","sticky":false,"template":"","format":"standard","meta":{"footnotes":""},"categories":[12],"tags":[6505,22,23,26,27,17,21,24,25,28,29,15,841,16,6453,18,11555,34,127,31,33,32,30,19,20,330],"class_list":{"0":"post-122555","1":"post","2":"type-post","3":"status-publish","4":"format-standard","5":"has-post-thumbnail","7":"category-sverige","8":"tag-boden","9":"tag-breaking-news","10":"tag-breakingnews","11":"tag-featured-news","12":"tag-featurednews","13":"tag-headlines","14":"tag-huvudnyheter","15":"tag-latest-news","16":"tag-latestnews","17":"tag-main-news","18":"tag-mainnews","19":"tag-news","20":"tag-norrbottens-lan","21":"tag-nyheter","22":"tag-psykisk-ohalsa","23":"tag-rubriker","24":"tag-salem","25":"tag-se","26":"tag-stockholms-lan","27":"tag-svenska","28":"tag-sverige","29":"tag-sweden","30":"tag-swedish","31":"tag-top-stories","32":"tag-topstories","33":"tag-vard-omsorg"},"share_on_mastodon":{"url":"https:\/\/pubeurope.com\/@se\/115819901301171747","error":""},"_links":{"self":[{"href":"https:\/\/www.europesays.com\/se\/wp-json\/wp\/v2\/posts\/122555","targetHints":{"allow":["GET"]}}],"collection":[{"href":"https:\/\/www.europesays.com\/se\/wp-json\/wp\/v2\/posts"}],"about":[{"href":"https:\/\/www.europesays.com\/se\/wp-json\/wp\/v2\/types\/post"}],"author":[{"embeddable":true,"href":"https:\/\/www.europesays.com\/se\/wp-json\/wp\/v2\/users\/2"}],"replies":[{"embeddable":true,"href":"https:\/\/www.europesays.com\/se\/wp-json\/wp\/v2\/comments?post=122555"}],"version-history":[{"count":0,"href":"https:\/\/www.europesays.com\/se\/wp-json\/wp\/v2\/posts\/122555\/revisions"}],"wp:featuredmedia":[{"embeddable":true,"href":"https:\/\/www.europesays.com\/se\/wp-json\/wp\/v2\/media\/122556"}],"wp:attachment":[{"href":"https:\/\/www.europesays.com\/se\/wp-json\/wp\/v2\/media?parent=122555"}],"wp:term":[{"taxonomy":"category","embeddable":true,"href":"https:\/\/www.europesays.com\/se\/wp-json\/wp\/v2\/categories?post=122555"},{"taxonomy":"post_tag","embeddable":true,"href":"https:\/\/www.europesays.com\/se\/wp-json\/wp\/v2\/tags?post=122555"}],"curies":[{"name":"wp","href":"https:\/\/api.w.org\/{rel}","templated":true}]}}