{"id":122557,"date":"2026-01-01T12:45:07","date_gmt":"2026-01-01T12:45:07","guid":{"rendered":"https:\/\/www.europesays.com\/se\/122557\/"},"modified":"2026-01-01T12:45:07","modified_gmt":"2026-01-01T12:45:07","slug":"ilar-pa-pallen-diggins-overlagsen-langdskidor","status":"publish","type":"post","link":"https:\/\/www.europesays.com\/se\/122557\/","title":{"rendered":"Ilar p\u00e5 pallen \u2013 Diggins \u00f6verl\u00e4gsen | L\u00e4ngdskidor"},"content":{"rendered":"<p>Publicerad 1 jan 2026 kl 13.24Uppdaterad kl 13.39<\/p>\n<p>Trea p\u00e5 ny\u00e5rsafton \u2013 tv\u00e5a p\u00e5 ny\u00e5rsdagen.<\/p>\n<p>Moa Ilar forts\u00e4tter att imponera i Tour de ski.<\/p>\n<p>\u2013 Det var s\u00e5 fruktansv\u00e4rt jobbigt i dag. Jag \u00e4r sjukt stolt \u00f6ver loppet, s\u00e4ger Ilar i Viaplay.<\/p>\n<p><img   alt=\"\"\/><\/p>\n<p>Moa Ilar gick ut som tv\u00e5a \u2013 blev tv\u00e5a.<\/p>\n<p>Foto: MAXIM THORE \/ BILDBYR\u00c5N<\/p>\n<p>\u00d6ppna bild i helsk\u00e4rm<\/p>\n<p>Andraplatsen i Toblach var <a href=\"https:\/\/www.expressen.se\/tagg\/person\/moa-ilar\/\" class=\"\" rel=\"nofollow noopener\" target=\"_blank\">Moa Ilars<\/a> femte pallplats i v\u00e4rldscupen i vinter och hon ligger kvar p\u00e5 andraplats Tour efter amerikanskan Jessie Diggins.<\/p>\n<p>Diggins vann jaktstarten och leder stort i Tour de Ski. Moa Ilar var 1.35 minuter efter och \u00f6sterrikiskan Teresa Stadlober kom trea efter en spurtstrid med Ilar.<\/p>\n<p>Ilar fick s\u00e4llskap av Stadlober i inledningen av loppet. De lyckades h\u00e5lla \u00f6vriga f\u00e4ltet en bra bit efter sig.<\/p>\n<p>Inf\u00f6r avslutningen i Tour de Ski i Val di Fiemme, sprint p\u00e5 l\u00f6rdag och kl\u00e4ttringen uppf\u00f6r slalombacken p\u00e5 s\u00f6ndag, har Diggins 1.36 minuters f\u00f6rspr\u00e5ng till Ilar och Stadlober.<\/p>\n<p>Svenskorna i jaktstarten<\/p>\n<p>2) Moa Ilar<\/p>\n<p>8) Ebba Andersson<\/p>\n<p>10) Frida Karlsson<\/p>\n<p>11) Maja Dahlqvist<\/p>\n<p>14) Moa Lundgren<\/p>\n<p>28) Johanna Hagstr\u00f6m<\/p>\n<p>32) M\u00e4rta Rosenberg<\/p>\n<p>35) Evelina Cr\u00fcsell<\/p>\n<p>57) Lisa Eriksson<\/p>\n<p>Visa mer<\/p>\n","protected":false},"excerpt":{"rendered":"Publicerad 1 jan 2026 kl 13.24Uppdaterad kl 13.39 Trea p\u00e5 ny\u00e5rsafton \u2013 tv\u00e5a p\u00e5 ny\u00e5rsdagen. Moa Ilar forts\u00e4tter&hellip;\n","protected":false},"author":2,"featured_media":122558,"comment_status":"","ping_status":"","sticky":false,"template":"","format":"standard","meta":{"footnotes":""},"categories":[68],"tags":[12204,9502,34,857,111,110,31,33,32,30],"class_list":{"0":"post-122557","1":"post","2":"type-post","3":"status-publish","4":"format-standard","5":"has-post-thumbnail","7":"category-sport","8":"tag-organization-tour-de-ski","9":"tag-person-moa-ilar","10":"tag-se","11":"tag-sections-langdskidor","12":"tag-sport","13":"tag-sports","14":"tag-svenska","15":"tag-sverige","16":"tag-sweden","17":"tag-swedish"},"share_on_mastodon":{"url":"https:\/\/pubeurope.com\/@se\/115819913115880660","error":""},"_links":{"self":[{"href":"https:\/\/www.europesays.com\/se\/wp-json\/wp\/v2\/posts\/122557","targetHints":{"allow":["GET"]}}],"collection":[{"href":"https:\/\/www.europesays.com\/se\/wp-json\/wp\/v2\/posts"}],"about":[{"href":"https:\/\/www.europesays.com\/se\/wp-json\/wp\/v2\/types\/post"}],"author":[{"embeddable":true,"href":"https:\/\/www.europesays.com\/se\/wp-json\/wp\/v2\/users\/2"}],"replies":[{"embeddable":true,"href":"https:\/\/www.europesays.com\/se\/wp-json\/wp\/v2\/comments?post=122557"}],"version-history":[{"count":0,"href":"https:\/\/www.europesays.com\/se\/wp-json\/wp\/v2\/posts\/122557\/revisions"}],"wp:featuredmedia":[{"embeddable":true,"href":"https:\/\/www.europesays.com\/se\/wp-json\/wp\/v2\/media\/122558"}],"wp:attachment":[{"href":"https:\/\/www.europesays.com\/se\/wp-json\/wp\/v2\/media?parent=122557"}],"wp:term":[{"taxonomy":"category","embeddable":true,"href":"https:\/\/www.europesays.com\/se\/wp-json\/wp\/v2\/categories?post=122557"},{"taxonomy":"post_tag","embeddable":true,"href":"https:\/\/www.europesays.com\/se\/wp-json\/wp\/v2\/tags?post=122557"}],"curies":[{"name":"wp","href":"https:\/\/api.w.org\/{rel}","templated":true}]}}