{"id":122561,"date":"2026-01-01T12:50:35","date_gmt":"2026-01-01T12:50:35","guid":{"rendered":"https:\/\/www.europesays.com\/se\/122561\/"},"modified":"2026-01-01T12:50:35","modified_gmt":"2026-01-01T12:50:35","slug":"fred-i-ukraina-kan-innebara-ett-samre-sakerhetslage-redan-spant-lage","status":"publish","type":"post","link":"https:\/\/www.europesays.com\/se\/122561\/","title":{"rendered":"Fred i Ukraina kan inneb\u00e4ra ett s\u00e4mre s\u00e4kerhetsl\u00e4ge: \u201dRedan sp\u00e4nt l\u00e4ge\u201d"},"content":{"rendered":"<p>En fred i Ukraina kan inneb\u00e4ra ett f\u00f6rs\u00e4mrat s\u00e4kerhetsl\u00e4ge i \u00d6stersj\u00f6omr\u00e5det och d\u00e4rmed \u00e4ven f\u00f6r Sverige. Det s\u00e4ger f\u00f6rsvarsminister P\u00e5l Jonson (M) till SVT.<\/p>\n<p>\u2013 Det \u00e4r redan ett sp\u00e4nt l\u00e4ge, men Ryssland har i nul\u00e4get inte den s\u00e4kerhetspolitiska och milit\u00e4ra handlingsfriheten att utg\u00f6ra ett omedelbart hot, p\u00e5 grund av sina begr\u00e4nsningar i Ukraina. Men det kommer inte att vara f\u00f6r evigt efter en freds\u00f6verenskommelse, s\u00e4ger han.<\/p>\n<p>Enligt Jonson finns det tecken p\u00e5 att Ryssland bygger upp sin milit\u00e4ra kapacitet i omr\u00e5dena runt S:t Petersburg. Han bed\u00f6mer att Ryssland kommer att utg\u00f6ra ett hot mot Sverige och Nato under l\u00e5ng tid fram\u00f6ver.<\/p>\n<p>\u2013 Den sp\u00e4nning som finns mellan Ryssland och v\u00e4st den kommer ligga kvar under en l\u00e5ng tid.<\/p>\n<p>Omni \u00e4r politiskt obundna och oberoende. Vi str\u00e4var efter att ge fler perspektiv p\u00e5 nyheterna. Har du fr\u00e5gor eller synpunkter kring v\u00e5r rapportering? <a href=\"https:\/\/omni.se\/fred-i-ukraina-kan-innebara-ett-samre-sakerhetslage-redan-spant-lage\/a\/mailto:redaktion@omni.se\" class=\"ArticleActions_contactLink__W2F1M\" rel=\"nofollow noopener\" target=\"_blank\">Kontakta redaktionen<\/a><\/p>\n","protected":false},"excerpt":{"rendered":"En fred i Ukraina kan inneb\u00e4ra ett f\u00f6rs\u00e4mrat s\u00e4kerhetsl\u00e4ge i \u00d6stersj\u00f6omr\u00e5det och d\u00e4rmed \u00e4ven f\u00f6r Sverige. Det s\u00e4ger&hellip;\n","protected":false},"author":2,"featured_media":122562,"comment_status":"","ping_status":"","sticky":false,"template":"","format":"standard","meta":{"footnotes":""},"categories":[12],"tags":[22,23,267,26,27,3925,17,21,24,25,28,29,551,999,15,16,3924,369,18,269,264,2152,34,31,33,32,30,19,20,263],"class_list":{"0":"post-122561","1":"post","2":"type-post","3":"status-publish","4":"format-standard","5":"has-post-thumbnail","7":"category-sverige","8":"tag-breaking-news","9":"tag-breakingnews","10":"tag-europa","11":"tag-featured-news","12":"tag-featurednews","13":"tag-forsvarspolitik","14":"tag-headlines","15":"tag-huvudnyheter","16":"tag-latest-news","17":"tag-latestnews","18":"tag-main-news","19":"tag-mainnews","20":"tag-moderaterna","21":"tag-nato","22":"tag-news","23":"tag-nyheter","24":"tag-pal-jonson","25":"tag-politik","26":"tag-rubriker","27":"tag-ryska-invasionen","28":"tag-ryssland","29":"tag-sakerhetspolitik","30":"tag-se","31":"tag-svenska","32":"tag-sverige","33":"tag-sweden","34":"tag-swedish","35":"tag-top-stories","36":"tag-topstories","37":"tag-ukraina"},"share_on_mastodon":{"url":"https:\/\/pubeurope.com\/@se\/115819932777174586","error":""},"_links":{"self":[{"href":"https:\/\/www.europesays.com\/se\/wp-json\/wp\/v2\/posts\/122561","targetHints":{"allow":["GET"]}}],"collection":[{"href":"https:\/\/www.europesays.com\/se\/wp-json\/wp\/v2\/posts"}],"about":[{"href":"https:\/\/www.europesays.com\/se\/wp-json\/wp\/v2\/types\/post"}],"author":[{"embeddable":true,"href":"https:\/\/www.europesays.com\/se\/wp-json\/wp\/v2\/users\/2"}],"replies":[{"embeddable":true,"href":"https:\/\/www.europesays.com\/se\/wp-json\/wp\/v2\/comments?post=122561"}],"version-history":[{"count":0,"href":"https:\/\/www.europesays.com\/se\/wp-json\/wp\/v2\/posts\/122561\/revisions"}],"wp:featuredmedia":[{"embeddable":true,"href":"https:\/\/www.europesays.com\/se\/wp-json\/wp\/v2\/media\/122562"}],"wp:attachment":[{"href":"https:\/\/www.europesays.com\/se\/wp-json\/wp\/v2\/media?parent=122561"}],"wp:term":[{"taxonomy":"category","embeddable":true,"href":"https:\/\/www.europesays.com\/se\/wp-json\/wp\/v2\/categories?post=122561"},{"taxonomy":"post_tag","embeddable":true,"href":"https:\/\/www.europesays.com\/se\/wp-json\/wp\/v2\/tags?post=122561"}],"curies":[{"name":"wp","href":"https:\/\/api.w.org\/{rel}","templated":true}]}}