{"id":122563,"date":"2026-01-01T12:51:07","date_gmt":"2026-01-01T12:51:07","guid":{"rendered":"https:\/\/www.europesays.com\/se\/122563\/"},"modified":"2026-01-01T12:51:07","modified_gmt":"2026-01-01T12:51:07","slug":"langdskidor-moa-ilar-pa-pallen-i-jaktstarten","status":"publish","type":"post","link":"https:\/\/www.europesays.com\/se\/122563\/","title":{"rendered":"L\u00e4ngdskidor: Moa Ilar p\u00e5 pallen i jaktstarten"},"content":{"rendered":"<p>Under onsdagen tog Moa Ilar en pallplats n\u00e4r hon slutade trea p\u00e5 fem kilometer masstart. <\/p>\n<p>Succ\u00e9n fortsatte f\u00f6r svenskan som tog \u00e4nnu en pallplats drygt ett dygn senare n\u00e4r hon blev tv\u00e5a i jaktstarten \u00f6ver 20 kilometer. Andraplatsen i Toblach var Ilars femte pallplats i v\u00e4rldscupen den h\u00e4r s\u00e4songen. <\/p>\n<p>\u2013 Just nu \u00e4r jag v\u00e4ldigt n\u00f6jd. Det var ett utmanande lopp. Jag hade fantastiska skidor i dag och det var det som avgjorde. Jag hade det k\u00e4mpigt fr\u00e5n start men jag bet ihop och \u00e4r glad \u00f6ver att det r\u00e4ckte s\u00e5 l\u00e5ngt, s\u00e4ger 28-\u00e5ringen. <\/p>\n<p>Ingen kunde stoppa Jessie Diggins som vann och som stormar mot segern i Tour de Ski-totalen. Amerikanskan jagas n\u00e4rmast av just Moa Ilar. Trea blev \u00f6sterrikiskan Teresa Stadlober. <\/p>\n<p>Diggins har rej\u00e4l ledning inf\u00f6r de tv\u00e5 avslutande etapperna i helgen, sprint p\u00e5 l\u00f6rdag och kl\u00e4ttringen uppf\u00f6r slalombacken p\u00e5 s\u00f6ndag. 34-\u00e5ringen \u00e4r 1.36 minuters f\u00f6re Ilar och Stadlober.<\/p>\n<p>Texten uppdateras. <\/p>\n","protected":false},"excerpt":{"rendered":"Under onsdagen tog Moa Ilar en pallplats n\u00e4r hon slutade trea p\u00e5 fem kilometer masstart. Succ\u00e9n fortsatte f\u00f6r&hellip;\n","protected":false},"author":2,"featured_media":122564,"comment_status":"","ping_status":"","sticky":false,"template":"","format":"standard","meta":{"footnotes":""},"categories":[5],"tags":[22,23,26,27,17,21,24,25,28,29,15,16,18,34,31,33,32,30,19,20],"class_list":{"0":"post-122563","1":"post","2":"type-post","3":"status-publish","4":"format-standard","5":"has-post-thumbnail","7":"category-rubriker","8":"tag-breaking-news","9":"tag-breakingnews","10":"tag-featured-news","11":"tag-featurednews","12":"tag-headlines","13":"tag-huvudnyheter","14":"tag-latest-news","15":"tag-latestnews","16":"tag-main-news","17":"tag-mainnews","18":"tag-news","19":"tag-nyheter","20":"tag-rubriker","21":"tag-se","22":"tag-svenska","23":"tag-sverige","24":"tag-sweden","25":"tag-swedish","26":"tag-top-stories","27":"tag-topstories"},"share_on_mastodon":{"url":"https:\/\/pubeurope.com\/@se\/115819936634685062","error":""},"_links":{"self":[{"href":"https:\/\/www.europesays.com\/se\/wp-json\/wp\/v2\/posts\/122563","targetHints":{"allow":["GET"]}}],"collection":[{"href":"https:\/\/www.europesays.com\/se\/wp-json\/wp\/v2\/posts"}],"about":[{"href":"https:\/\/www.europesays.com\/se\/wp-json\/wp\/v2\/types\/post"}],"author":[{"embeddable":true,"href":"https:\/\/www.europesays.com\/se\/wp-json\/wp\/v2\/users\/2"}],"replies":[{"embeddable":true,"href":"https:\/\/www.europesays.com\/se\/wp-json\/wp\/v2\/comments?post=122563"}],"version-history":[{"count":0,"href":"https:\/\/www.europesays.com\/se\/wp-json\/wp\/v2\/posts\/122563\/revisions"}],"wp:featuredmedia":[{"embeddable":true,"href":"https:\/\/www.europesays.com\/se\/wp-json\/wp\/v2\/media\/122564"}],"wp:attachment":[{"href":"https:\/\/www.europesays.com\/se\/wp-json\/wp\/v2\/media?parent=122563"}],"wp:term":[{"taxonomy":"category","embeddable":true,"href":"https:\/\/www.europesays.com\/se\/wp-json\/wp\/v2\/categories?post=122563"},{"taxonomy":"post_tag","embeddable":true,"href":"https:\/\/www.europesays.com\/se\/wp-json\/wp\/v2\/tags?post=122563"}],"curies":[{"name":"wp","href":"https:\/\/api.w.org\/{rel}","templated":true}]}}