{"id":122574,"date":"2026-01-01T13:20:14","date_gmt":"2026-01-01T13:20:14","guid":{"rendered":"https:\/\/www.europesays.com\/se\/122574\/"},"modified":"2026-01-01T13:20:14","modified_gmt":"2026-01-01T13:20:14","slug":"boumedienne-om-skrackbilderna-pa-vannen-jattelaskigt-hockey","status":"publish","type":"post","link":"https:\/\/www.europesays.com\/se\/122574\/","title":{"rendered":"Boumedienne om skr\u00e4ckbilderna p\u00e5 v\u00e4nnen: \u201dJ\u00e4ttel\u00e4skigt\u201d | Hockey"},"content":{"rendered":"<p>Publicerad 31 dec 2025 kl 18.44Uppdaterad kl 20.50<\/p>\n<p>Svenska talangen Sascha Boumedienne s\u00e5g sin n\u00e4ra v\u00e4n s\u00e4nkas av ett skott i huvudet och segna ner p\u00e5 isen.<\/p>\n<p>\u2013 Det var j\u00e4ttel\u00e4skigt, s\u00e4ger Boumedienne.<\/p>\n<p>Men nu laddar han f\u00f6r att vara \u201dbad guy\u201d i gruppfinalen mot USA. \u00a0<\/p>\n<p><img loading=\"lazy\"   alt=\"\"\/><\/p>\n<p>Cole Hutson f\u00f6rdes ut p\u00e5 b\u00e5r.<\/p>\n<p>Foto: AP<\/p>\n<p>\u00d6ppna bild i helsk\u00e4rm<img loading=\"lazy\"   alt=\"\"\/><\/p>\n<p>Cole Eisenman h\u00f6ll Hutsons hand n\u00e4r han l\u00e5g p\u00e5 isen.<\/p>\n<p>Foto: MATT KROHN \/ AP TT NYHETSBYR\u00c5N<\/p>\n<p>\u00d6ppna bild i helsk\u00e4rm<img loading=\"lazy\"   alt=\"\"\/><\/p>\n<p>Sveriges Sascha Boumedienne.<\/p>\n<p>Foto: JOEL MARKLUND \/ BILDBYR\u00c5N<\/p>\n<p>\u00d6ppna bild i helsk\u00e4rm<img loading=\"lazy\"   alt=\"\"\/> <\/p>\n<p>Foto: JOEL MARKLUND \/ BILDBYR\u00c5N<\/p>\n<p>\u00d6ppna bild i helsk\u00e4rm<\/p>\n<p>Gruppsegern i JVM st\u00e5r p\u00e5 spel n\u00e4r Sverige m\u00f6ter USA p\u00e5 ny\u00e5rsafton, vid midnatt.<\/p>\n<p><a href=\"https:\/\/www.expressen.se\/tagg\/organization\/juniorkronorna\/\" class=\"\" rel=\"nofollow noopener\" target=\"_blank\">Juniorkronorna<\/a> st\u00e4lls mot ett skakat amerikanskt lag efter skr\u00e4ckskadan p\u00e5 stj\u00e4rnan Cole Hutson.\u00a0<\/p>\n<p>Det var i matchen mot Schweiz i helgen som ett skott tr\u00e4ffade Hutson \u2013 lillebror till Montrealstj\u00e4rnan Lane Hutson \u2013 i bakhuvudet\u00a0<\/p>\n<p>Han sj\u00f6nk ihop p\u00e5 isen och det medicinska teamet rusade ut.\u00a0<\/p>\n<p>Cole Eiserman, lagkamrat i b\u00e5de USA och Boston University, var framme hos Hutson och tog hans hand.<\/p>\n<p>\u2013 Man kunde se p\u00e5 hans ansikte och allting att han var chockad, s\u00e5 jag ville bara ta tag i hans hand s\u00e5 han visste att jag var d\u00e4r. N\u00e4r han kom tillbaka till livet litegrann sa jag \u00e5t honom att krama min hand, och han kunde krama den. D\u00e5 kunde jag andas lite l\u00e4ttare.<\/p>\n<p>\u2013 Jag bad hela tiden och gud gjorde sin grej och fick tillbaka honom, sa Eiserman.<\/p>\n<p>F\u00f6rdes akut till sjukhus<\/p>\n<p>Backen Hutson, som var po\u00e4ngkung under f\u00f6rra JVM, f\u00f6rdes till sjukhus efter olyckan men kunde skrivas ut h\u00e4romdagen.<\/p>\n<p>Svenska backtalangen Sascha Boumedienne spelar ocks\u00e5 f\u00f6r Boston University \u2013 och blev sk\u00e4rrad n\u00e4r han s\u00e5g sin v\u00e4n.<\/p>\n<p>\u2013 Det var j\u00e4ttel\u00e4skigt n\u00e4r han gick ner. Han l\u00e5g ju kvar d\u00e4r och man vet ju aldrig vad som h\u00e4nder n\u00e4r man blir utburen p\u00e5 b\u00e5r. Han \u00e5kte ju direkt till sjukhuset. Jag \u00e4r glad att han \u00e4r p\u00e5 benen igen och att han m\u00e5r ganska bra.\u00a0<\/p>\n<p><strong>Du har h\u00f6rt av dig till honom och kollat s\u00e5 att han \u00e4r okej?\u00a0<\/strong><\/p>\n<p>\u2013 Jo, precis. Jag messade honom direkt efter och fr\u00e5gat om om det gick bra. Det tog ju lite tid f\u00f6r honom att messa tillbaka eftersom han var p\u00e5 sjukhuset. Men n\u00e4r han v\u00e4l messade tillbaka s\u00e5 var det en liten l\u00e4ttnad.\u00a0<\/p>\n<p>Boumedienne draftades i f\u00f6rstarundan (plats 28) av Winnipeg i somras. Nu bor han tillsammans med Hutson i Boston (d\u00e4r \u00e4ven Cole Eiserman och BU:s fj\u00e4rde JVM-spelare Kamil Bednarik h\u00e5ller till), och \u00e4r n\u00e4ra Hutson \u00e4ven p\u00e5 ett personligt plan.\u00a0<\/p>\n<p>\u2013 Vi \u00e4r ruggigt tighta. Varje dag, 24\/7.\u00a0<\/p>\n<p>Hutson \u00e4r uppsatt som \u201dday to day\u201d f\u00f6r USA och kommer inte, \u00a0<\/p>\n<p>Boumedienne vill vara \u201dbad guy\u201d<\/p>\n<p><strong>Det har ju varit en del snack om publiken h\u00e4r. Nu l\u00e4r det bli lite mer tryck. Hur ser du p\u00e5 det?\u00a0<\/strong><\/p>\n<p>\u2013 Nej, det \u00e4r bara roligt n\u00e4r det kommer mycket folk och det \u00e4r h\u00f6gljutt. Vi spelar ju p\u00e5 deras hemmaplan s\u00e5 det \u00e4r lite kul att vara &#8230; vad s\u00e4ger man, \u201dthe bad guys\u201d. Nej, det ska bli ruskigt kul.\u00a0<\/p>\n<p>Annons<\/p>\n<p>H\u00e4velid: \u201dDet \u00e4r USA b\u00e4st i v\u00e4rlden p\u00e5\u201d<\/p>\n<p>Juniorkronornas f\u00f6rbundskapten Magnus H\u00e4velid h\u00f6ll korten n\u00e4ra br\u00f6stet efter morgonv\u00e4rmningen och ville inte avsl\u00f6ja om Love H\u00e4renstam kommer tillbaka i m\u00e5let, eller om det blir n\u00e5gra andra \u00e4ndringar.<\/p>\n<p>\u2013 De f\u00e5r grubbla lite ocks\u00e5 i USA, exakt hur v\u00e5r line-up ska se ut. Men vi har bra val eftersom alla \u00e4r hela friska, s\u00e4ger han.\u00a0<\/p>\n<p>Att det blir turneringens hittills tuffaste motst\u00e5nd f\u00f6r Sverige inneb\u00e4r ett annat fokus i uppladdningen j\u00e4mf\u00f6rt med m\u00e5lfesten (8\u20131 mot Tyskland) senast, och de andra inledningsmatcherna.\u00a0<\/p>\n<p>\u2013 Det var sk\u00f6nt att f\u00e5 proppen ur, med bra PP-spel. I dag m\u00e5ste vi b\u00f6rja prata f\u00f6rsvarsspel ocks\u00e5.\u00a0<\/p>\n<p>H\u00e4velid v\u00e4ntar sig ett USA som kommer driva h\u00e5rt.<\/p>\n<p>\u2013 Man f\u00e5r r\u00e4kna med att de kommer och tippar ner mycket puck bakom oss. S\u00e5 vi vill snabbt till pucken. Det \u00e4r en del av f\u00f6rsvarsspelet ocks\u00e5. Och att komma d\u00e4rifr\u00e5n. Vi vill bibeh\u00e5lla n\u00e5gon form av pucktempo. Men nycklarna \u00e4r \u00e4nd\u00e5 det h\u00e4r snabba omst\u00e4llningsspelet. Det tycker jag USA \u00e4r b\u00e4st i v\u00e4rlden p\u00e5 n\u00e4stan.<\/p>\n<p>Den av Sverige och USA som vinner ny\u00e5rsmatchen vinner allts\u00e5 ocks\u00e5 gruppen och st\u00e4lls mot fyran i andra gruppen i kvartsfinalen. Det \u00e4r redan best\u00e4mt att Sveriges kvart spelas klockan 20.00 p\u00e5 fredag.<\/p>\n","protected":false},"excerpt":{"rendered":"Publicerad 31 dec 2025 kl 18.44Uppdaterad kl 20.50 Svenska talangen Sascha Boumedienne s\u00e5g sin n\u00e4ra v\u00e4n s\u00e4nkas av&hellip;\n","protected":false},"author":2,"featured_media":122575,"comment_status":"","ping_status":"","sticky":false,"template":"","format":"standard","meta":{"footnotes":""},"categories":[68],"tags":[5748,5945,34,255,111,110,31,33,32,30],"class_list":{"0":"post-122574","1":"post","2":"type-post","3":"status-publish","4":"format-standard","5":"has-post-thumbnail","7":"category-sport","8":"tag-organization-juniorkronorna","9":"tag-organization-jvm","10":"tag-se","11":"tag-sections-ishockey","12":"tag-sport","13":"tag-sports","14":"tag-svenska","15":"tag-sverige","16":"tag-sweden","17":"tag-swedish"},"share_on_mastodon":{"url":"https:\/\/pubeurope.com\/@se\/115820050796062683","error":""},"_links":{"self":[{"href":"https:\/\/www.europesays.com\/se\/wp-json\/wp\/v2\/posts\/122574","targetHints":{"allow":["GET"]}}],"collection":[{"href":"https:\/\/www.europesays.com\/se\/wp-json\/wp\/v2\/posts"}],"about":[{"href":"https:\/\/www.europesays.com\/se\/wp-json\/wp\/v2\/types\/post"}],"author":[{"embeddable":true,"href":"https:\/\/www.europesays.com\/se\/wp-json\/wp\/v2\/users\/2"}],"replies":[{"embeddable":true,"href":"https:\/\/www.europesays.com\/se\/wp-json\/wp\/v2\/comments?post=122574"}],"version-history":[{"count":0,"href":"https:\/\/www.europesays.com\/se\/wp-json\/wp\/v2\/posts\/122574\/revisions"}],"wp:featuredmedia":[{"embeddable":true,"href":"https:\/\/www.europesays.com\/se\/wp-json\/wp\/v2\/media\/122575"}],"wp:attachment":[{"href":"https:\/\/www.europesays.com\/se\/wp-json\/wp\/v2\/media?parent=122574"}],"wp:term":[{"taxonomy":"category","embeddable":true,"href":"https:\/\/www.europesays.com\/se\/wp-json\/wp\/v2\/categories?post=122574"},{"taxonomy":"post_tag","embeddable":true,"href":"https:\/\/www.europesays.com\/se\/wp-json\/wp\/v2\/tags?post=122574"}],"curies":[{"name":"wp","href":"https:\/\/api.w.org\/{rel}","templated":true}]}}