{"id":122586,"date":"2026-01-01T13:31:17","date_gmt":"2026-01-01T13:31:17","guid":{"rendered":"https:\/\/www.europesays.com\/se\/122586\/"},"modified":"2026-01-01T13:31:17","modified_gmt":"2026-01-01T13:31:17","slug":"foodora-leverar-bara-med-bil-i-stormen-anna","status":"publish","type":"post","link":"https:\/\/www.europesays.com\/se\/122586\/","title":{"rendered":"Foodora leverar bara med bil i stormen Anna"},"content":{"rendered":"<p>Trots att stormen Anna h\u00e4rjar i landet forts\u00e4tter pizzabest\u00e4llningarna att rulla in \u2013 och buden ut.<\/p>\n<p>Nu agerar Foodora f\u00f6r att minimera riskerna i de v\u00e4rst drabbade omr\u00e5dena.<\/p>\n<p>\u201dVi har pausat cykel- och mopedbud\u201d, skriver bolagets operativa chef Daniel Gustafsson Raba.<\/p>\n<p><img   alt=\"\"\/> <\/p>\n<p>Foto: HENRIK MONTGOMERY\/TT \/ TT NYHETSBYR\u00c5N<\/p>\n<p>\u00d6ppna bild i helsk\u00e4rm<\/p>\n<p>Tr\u00f6tta ny\u00e5rsfirare ligger i dag hemma p\u00e5 soffan och firar internationella pizzadagen \u2013 en av \u00e5rets mest intensiva n\u00e4r det kommer till matleveranser.\u00a0<\/p>\n<p>F\u00f6rra \u00e5ret r\u00e4knade matleveransbolaget <a href=\"https:\/\/www.expressen.se\/tagg\/organization\/foodora\/\" class=\"\" rel=\"nofollow noopener\" target=\"_blank\">Foodora<\/a> med att de skulle s\u00e4lja \u00e5tta pizzor i sekunden via sin plattform p\u00e5 ny\u00e5rsdagen. Men i \u00e5r st\u00e4ller stormen Anna till det f\u00f6r buden.<\/p>\n<p>I G\u00e4vle har SMHI utf\u00e4rdat en orange varning f\u00f6r sn\u00f6fall i kombination med vind, vilket har lett till att Foodora pausat cykel- och mopedbud. Man levererar enbart med bil och har samtidigt minskat leveransavst\u00e5nden f\u00f6r att minimera riskerna f\u00f6r buden.<\/p>\n<p>\u201dMinskat leveransavst\u00e5nden\u201d<\/p>\n<p>Uppsala omfattas ocks\u00e5 av den orangea varningen, och i Stockholm g\u00e4ller en gul varning f\u00f6r sn\u00f6fall och vind. D\u00e4r har man dock gjort en annan bed\u00f6mning.<\/p>\n<p>\u201dI Stockholm och Uppsala har vi ocks\u00e5 minskat leveransavst\u00e5nden, men vi k\u00f6r fortsatt med cyklar och mopeder i de centrala delarna d\u00e4r framkomligheten \u00e4r b\u00e4ttre och riskerna mindre\u201d, skriver Foodoras operativa chef Daniel Gustafsson Raba i ett uttalande till Expressen.<\/p>\n<p>Han forts\u00e4tter:<\/p>\n<p>\u201dBed\u00f6mningarna g\u00f6rs l\u00f6pande och kan komma att f\u00f6r\u00e4ndras flera g\u00e5nger under dagen. P\u00e5 liknande s\u00e4tt f\u00f6ljer vi utvecklingen i \u00f6vriga st\u00e4der d\u00e4r vi \u00e4r verksamma.\u201d<\/p>\n<p>Har extraavst\u00e4mningar med buden<\/p>\n<p>Gustafsson Raba understryker samtidigt att buden har kollektivavtal och att en central del av den modellen \u00e4r en n\u00e4ra och \u00f6ppen dialog med medarbetarna.<\/p>\n<p>\u201dEn dag som den h\u00e4r inneb\u00e4r att vi har kontinuerliga extraavst\u00e4mningar med de lokala teamen f\u00f6r att se \u00f6ver bemanningen och s\u00e4kerheten i ber\u00f6rda st\u00e4der, samt besluta om vi beh\u00f6ver vidta fler \u00e5tg\u00e4rder\u201d, skriver han.<\/p>\n","protected":false},"excerpt":{"rendered":"Trots att stormen Anna h\u00e4rjar i landet forts\u00e4tter pizzabest\u00e4llningarna att rulla in \u2013 och buden ut. Nu agerar&hellip;\n","protected":false},"author":2,"featured_media":122587,"comment_status":"","ping_status":"","sticky":false,"template":"","format":"standard","meta":{"footnotes":""},"categories":[65],"tags":[72,70,71,12926,5980,34,154,31,33,32,30],"class_list":{"0":"post-122586","1":"post","2":"type-post","3":"status-publish","4":"format-standard","5":"has-post-thumbnail","7":"category-ekonomi","8":"tag-business","9":"tag-economy","10":"tag-ekonomi","11":"tag-newsstory-stormen-anna","12":"tag-organization-foodora","13":"tag-se","14":"tag-sections-sverige","15":"tag-svenska","16":"tag-sverige","17":"tag-sweden","18":"tag-swedish"},"share_on_mastodon":{"url":"https:\/\/pubeurope.com\/@se\/115820093900147461","error":""},"_links":{"self":[{"href":"https:\/\/www.europesays.com\/se\/wp-json\/wp\/v2\/posts\/122586","targetHints":{"allow":["GET"]}}],"collection":[{"href":"https:\/\/www.europesays.com\/se\/wp-json\/wp\/v2\/posts"}],"about":[{"href":"https:\/\/www.europesays.com\/se\/wp-json\/wp\/v2\/types\/post"}],"author":[{"embeddable":true,"href":"https:\/\/www.europesays.com\/se\/wp-json\/wp\/v2\/users\/2"}],"replies":[{"embeddable":true,"href":"https:\/\/www.europesays.com\/se\/wp-json\/wp\/v2\/comments?post=122586"}],"version-history":[{"count":0,"href":"https:\/\/www.europesays.com\/se\/wp-json\/wp\/v2\/posts\/122586\/revisions"}],"wp:featuredmedia":[{"embeddable":true,"href":"https:\/\/www.europesays.com\/se\/wp-json\/wp\/v2\/media\/122587"}],"wp:attachment":[{"href":"https:\/\/www.europesays.com\/se\/wp-json\/wp\/v2\/media?parent=122586"}],"wp:term":[{"taxonomy":"category","embeddable":true,"href":"https:\/\/www.europesays.com\/se\/wp-json\/wp\/v2\/categories?post=122586"},{"taxonomy":"post_tag","embeddable":true,"href":"https:\/\/www.europesays.com\/se\/wp-json\/wp\/v2\/tags?post=122586"}],"curies":[{"name":"wp","href":"https:\/\/api.w.org\/{rel}","templated":true}]}}