{"id":122592,"date":"2026-01-01T13:41:07","date_gmt":"2026-01-01T13:41:07","guid":{"rendered":"https:\/\/www.europesays.com\/se\/122592\/"},"modified":"2026-01-01T13:41:07","modified_gmt":"2026-01-01T13:41:07","slug":"borjar-bygga-triumfbage-inom-tva-manader","status":"publish","type":"post","link":"https:\/\/www.europesays.com\/se\/122592\/","title":{"rendered":"B\u00f6rjar bygga triumfb\u00e5ge inom tv\u00e5 m\u00e5nader"},"content":{"rendered":"<p>Inom tv\u00e5 m\u00e5nader kommer bygget av Donald Trumps utlovade triumfb\u00e5ge att p\u00e5b\u00f6rjas. Det s\u00e4ger den amerikanska presidenten till Politico. <\/p>\n<p>\u2013 Den kommer att bli fantastisk. Alla \u00e4lskar den, s\u00e4ger Trump. <\/p>\n<p>Bygget, som tagit inspiration fr\u00e5n triumfb\u00e5gar i Europa, ska vara en del av det amerikanske 250-\u00e5rsfirandet. Den ska byggas i n\u00e4rheten av Lincolnmonumentet i Washington DC. <\/p>\n<p>Omni \u00e4r politiskt obundna och oberoende. Vi str\u00e4var efter att ge fler perspektiv p\u00e5 nyheterna. Har du fr\u00e5gor eller synpunkter kring v\u00e5r rapportering? <a href=\"https:\/\/omni.se\/trump-borjar-bygga-triumfbage-inom-tva-manader\/a\/mailto:redaktion@omni.se\" class=\"ArticleActions_contactLink__W2F1M\" rel=\"nofollow noopener\" target=\"_blank\">Kontakta redaktionen<\/a><\/p>\n","protected":false},"excerpt":{"rendered":"Inom tv\u00e5 m\u00e5nader kommer bygget av Donald Trumps utlovade triumfb\u00e5ge att p\u00e5b\u00f6rjas. Det s\u00e4ger den amerikanska presidenten till&hellip;\n","protected":false},"author":2,"featured_media":122593,"comment_status":"","ping_status":"","sticky":false,"template":"","format":"standard","meta":{"footnotes":""},"categories":[14],"tags":[387,22,23,385,26,27,17,21,24,25,28,29,15,268,16,18,34,31,33,32,30,19,20,386,74,51,52,53,54],"class_list":{"0":"post-122592","1":"post","2":"type-post","3":"status-publish","4":"format-standard","5":"has-post-thumbnail","7":"category-varlden","8":"tag-amerikansk-politik","9":"tag-breaking-news","10":"tag-breakingnews","11":"tag-donald-trump","12":"tag-featured-news","13":"tag-featurednews","14":"tag-headlines","15":"tag-huvudnyheter","16":"tag-latest-news","17":"tag-latestnews","18":"tag-main-news","19":"tag-mainnews","20":"tag-news","21":"tag-nordamerika","22":"tag-nyheter","23":"tag-rubriker","24":"tag-se","25":"tag-svenska","26":"tag-sverige","27":"tag-sweden","28":"tag-swedish","29":"tag-top-stories","30":"tag-topstories","31":"tag-trumps-usa","32":"tag-usa","33":"tag-varlden","34":"tag-world","35":"tag-world-news","36":"tag-worldnews"},"share_on_mastodon":{"url":"https:\/\/pubeurope.com\/@se\/115820133298128199","error":""},"_links":{"self":[{"href":"https:\/\/www.europesays.com\/se\/wp-json\/wp\/v2\/posts\/122592","targetHints":{"allow":["GET"]}}],"collection":[{"href":"https:\/\/www.europesays.com\/se\/wp-json\/wp\/v2\/posts"}],"about":[{"href":"https:\/\/www.europesays.com\/se\/wp-json\/wp\/v2\/types\/post"}],"author":[{"embeddable":true,"href":"https:\/\/www.europesays.com\/se\/wp-json\/wp\/v2\/users\/2"}],"replies":[{"embeddable":true,"href":"https:\/\/www.europesays.com\/se\/wp-json\/wp\/v2\/comments?post=122592"}],"version-history":[{"count":0,"href":"https:\/\/www.europesays.com\/se\/wp-json\/wp\/v2\/posts\/122592\/revisions"}],"wp:featuredmedia":[{"embeddable":true,"href":"https:\/\/www.europesays.com\/se\/wp-json\/wp\/v2\/media\/122593"}],"wp:attachment":[{"href":"https:\/\/www.europesays.com\/se\/wp-json\/wp\/v2\/media?parent=122592"}],"wp:term":[{"taxonomy":"category","embeddable":true,"href":"https:\/\/www.europesays.com\/se\/wp-json\/wp\/v2\/categories?post=122592"},{"taxonomy":"post_tag","embeddable":true,"href":"https:\/\/www.europesays.com\/se\/wp-json\/wp\/v2\/tags?post=122592"}],"curies":[{"name":"wp","href":"https:\/\/api.w.org\/{rel}","templated":true}]}}