{"id":122597,"date":"2026-01-01T13:50:07","date_gmt":"2026-01-01T13:50:07","guid":{"rendered":"https:\/\/www.europesays.com\/se\/122597\/"},"modified":"2026-01-01T13:50:07","modified_gmt":"2026-01-01T13:50:07","slug":"lyxkryssare-i-ny-olycka-efter-dodsfallet","status":"publish","type":"post","link":"https:\/\/www.europesays.com\/se\/122597\/","title":{"rendered":"Lyxkryssare i ny olycka efter d\u00f6dsfallet"},"content":{"rendered":"<p>Publicerad 1 jan 2026 kl 14.00<\/p>\n<p>Lyxkryssaren Coral Adventurer v\u00e4ckte internationell uppm\u00e4rksamhet i h\u00f6stas n\u00e4r en kvinna gl\u00f6mdes kvar p\u00e5 en \u00f6de \u00f6.<\/p>\n<p>Den 80-\u00e5riga kvinnan hittades senare d\u00f6d.<\/p>\n<p>Nu har fartyget varit med om \u00e4nnu en olycka.\u00a0<\/p>\n<p><img   alt=\"\"\/><\/p>\n<p>Coral Expeditions har flera fartyg, d\u00e4ribland Coral Adventurer.<\/p>\n<p>Foto: Coral Expeditions.<\/p>\n<p>\u00d6ppna bild i helsk\u00e4rm<img loading=\"lazy\"   alt=\"\"\/><\/p>\n<p>\u00d6n Lizard Island d\u00e4r Suzanne Rees, 80, omkom.<\/p>\n<p>Foto: Darios \/ Shutterstock<\/p>\n<p>\u00d6ppna bild i helsk\u00e4rm<\/p>\n<p><a href=\"https:\/\/www.expressen.se\/nyheter\/varlden\/lyxkryssningen-glomde-suzanne-pa-ode-o-dog\/\" rel=\"nofollow noopener\" target=\"_blank\">I oktober 2025 stannade<\/a> den australiska lyxkryssaren Coral Adventurer till vid en \u00f6 i n\u00e4rheten av <a href=\"https:\/\/www.expressen.se\/tagg\/location\/stora-barriarrevet\/\" class=\"\" rel=\"nofollow noopener\" target=\"_blank\">Stora barri\u00e4rrevet<\/a>. Passagerarna fick m\u00f6jlighet att vandra och utforska \u00f6n.<\/p>\n<p>Men n\u00e4r de skulle ta sig tillbaka till b\u00e5ten kom inte alla passagerare med.\u00a0<\/p>\n<p>Den 80-\u00e5riga ensamresen\u00e4ren Suzanne Rees l\u00e4mnades kvar p\u00e5 \u00f6n. Senare samma dygn hittades hon d\u00f6d.<\/p>\n<p>H\u00e4ndelsen \u00e4r fortfarande under utredning.<\/p>\n<p>Nu \u00e4r kryssningsfartyget i bl\u00e5sv\u00e4der igen \u2013 redan f\u00f6rsta resan efter d\u00f6dsfallet.<\/p>\n<p>F\u00f6r i helgen gick b\u00e5ten p\u00e5 grund utanf\u00f6r Papa Nya Guineas kust \u2013 med 123 personer ombord. Det rapporterar <a href=\"https:\/\/www.abc.net.au\/news\/2025-12-28\/cruise-ship-coral-adventurer-runs-aground-off-papua-new-guinea\/106182788\" rel=\"nofollow noopener\" target=\"_blank\">ABC.<\/a>\u00a0<\/p>\n<p>Samtliga 80 passagerare och 43 bes\u00e4ttningsm\u00e4n ska ha klarat sig utan skador.\u00a0<\/p>\n<p>\u2013 En f\u00f6rsta inspektion visar att det inte finns n\u00e5gra skador p\u00e5 fartyget, sade en talesperson f\u00f6r Coral Expeditions i ett uttalande.<\/p>\n<p>Lyxfartyget har f\u00f6rts i land och ska nu genomg\u00e5 ytterligare inspektion efter olyckan. Myndigheter kommer \u00e4ven att unders\u00f6ka eventuella skador p\u00e5 korallreven d\u00e4r fartyget gick p\u00e5 grund.<\/p>\n<p>Enligt Papa Nya Guineas nationella tv-bolag NBC gick Coral Adventurer p\u00e5 grund efter att ha st\u00f6tt p\u00e5 starka havsstr\u00f6mmar.\u00a0<\/p>\n","protected":false},"excerpt":{"rendered":"Publicerad 1 jan 2026 kl 14.00 Lyxkryssaren Coral Adventurer v\u00e4ckte internationell uppm\u00e4rksamhet i h\u00f6stas n\u00e4r en kvinna gl\u00f6mdes&hellip;\n","protected":false},"author":2,"featured_media":122598,"comment_status":"","ping_status":"","sticky":false,"template":"","format":"standard","meta":{"footnotes":""},"categories":[14],"tags":[22,23,6674,26,27,17,21,24,25,1995,12927,6215,28,29,15,16,18,34,55,31,33,32,30,19,6673,427,12928,20,51,52,53,54],"class_list":{"0":"post-122597","1":"post","2":"type-post","3":"status-publish","4":"format-standard","5":"has-post-thumbnail","7":"category-varlden","8":"tag-breaking-news","9":"tag-breakingnews","10":"tag-fartyg-farjor","11":"tag-featured-news","12":"tag-featurednews","13":"tag-headlines","14":"tag-huvudnyheter","15":"tag-latest-news","16":"tag-latestnews","17":"tag-location-australien","18":"tag-location-papua-nya-guinea","19":"tag-location-stora-barriarrevet","20":"tag-main-news","21":"tag-mainnews","22":"tag-news","23":"tag-nyheter","24":"tag-rubriker","25":"tag-se","26":"tag-sections-varlden","27":"tag-svenska","28":"tag-sverige","29":"tag-sweden","30":"tag-swedish","31":"tag-top-stories","32":"tag-topic-bat","33":"tag-topic-dodsfall","34":"tag-topic-kryssning","35":"tag-topstories","36":"tag-varlden","37":"tag-world","38":"tag-world-news","39":"tag-worldnews"},"share_on_mastodon":{"url":"https:\/\/pubeurope.com\/@se\/115820168650343080","error":""},"_links":{"self":[{"href":"https:\/\/www.europesays.com\/se\/wp-json\/wp\/v2\/posts\/122597","targetHints":{"allow":["GET"]}}],"collection":[{"href":"https:\/\/www.europesays.com\/se\/wp-json\/wp\/v2\/posts"}],"about":[{"href":"https:\/\/www.europesays.com\/se\/wp-json\/wp\/v2\/types\/post"}],"author":[{"embeddable":true,"href":"https:\/\/www.europesays.com\/se\/wp-json\/wp\/v2\/users\/2"}],"replies":[{"embeddable":true,"href":"https:\/\/www.europesays.com\/se\/wp-json\/wp\/v2\/comments?post=122597"}],"version-history":[{"count":0,"href":"https:\/\/www.europesays.com\/se\/wp-json\/wp\/v2\/posts\/122597\/revisions"}],"wp:featuredmedia":[{"embeddable":true,"href":"https:\/\/www.europesays.com\/se\/wp-json\/wp\/v2\/media\/122598"}],"wp:attachment":[{"href":"https:\/\/www.europesays.com\/se\/wp-json\/wp\/v2\/media?parent=122597"}],"wp:term":[{"taxonomy":"category","embeddable":true,"href":"https:\/\/www.europesays.com\/se\/wp-json\/wp\/v2\/categories?post=122597"},{"taxonomy":"post_tag","embeddable":true,"href":"https:\/\/www.europesays.com\/se\/wp-json\/wp\/v2\/tags?post=122597"}],"curies":[{"name":"wp","href":"https:\/\/api.w.org\/{rel}","templated":true}]}}